{"id":3855,"date":"2021-09-08T06:23:04","date_gmt":"2021-09-08T06:23:04","guid":{"rendered":"https:\/\/new.soncaliu.com\/doble-standard\/"},"modified":"2025-02-04T13:02:58","modified_gmt":"2025-02-04T13:02:58","slug":"standard-doppelzimmer","status":"publish","type":"post","link":"https:\/\/www.soncaliu.com\/de\/standard-doppelzimmer\/","title":{"rendered":"Standard Doppelzimmer"},"content":{"rendered":"\n<section class=\"wp-block-mkl-section-block section-main\"><div class=\"main-slider \" >\n  \n<div class=\"main-slider-item \" >\n  \n\n<figure class=\"wp-block-image size-large\"><img loading=\"lazy\" decoding=\"async\" width=\"1024\" height=\"683\" src=\"https:\/\/www.soncaliu.com\/wp-content\/uploads\/2021\/09\/Son-Caliu-Standard-Room-01-1024x683.jpg\" alt=\"Son Caliu Standard Room \" class=\"wp-image-14270\" srcset=\"https:\/\/www.soncaliu.com\/wp-content\/uploads\/2021\/09\/Son-Caliu-Standard-Room-01-1024x683.jpg 1024w, https:\/\/www.soncaliu.com\/wp-content\/uploads\/2021\/09\/Son-Caliu-Standard-Room-01-300x200.jpg 300w, https:\/\/www.soncaliu.com\/wp-content\/uploads\/2021\/09\/Son-Caliu-Standard-Room-01-768x512.jpg 768w, https:\/\/www.soncaliu.com\/wp-content\/uploads\/2021\/09\/Son-Caliu-Standard-Room-01-1536x1024.jpg 1536w, https:\/\/www.soncaliu.com\/wp-content\/uploads\/2021\/09\/Son-Caliu-Standard-Room-01.jpg 1920w\" sizes=\"auto, (max-width: 1024px) 100vw, 1024px\" \/><\/figure>\n\n\n<\/div>\n\n<\/div>\n\n\n<section class=\"wp-block-mkl-section-block main-sec\"><div class=\"container  \">\n  \n<div class=\"main-sec-wrap \" >\n  \n<div class=\" \" >\n  \n\n<h2 class=\"wp-block-heading\" id=\"standard-doppelzimmer\">Standard <strong>Doppelzimmer<\/strong><\/h2>\n\n\n<\/div>\n\n<\/div>\n\n<\/div><\/section>\n<\/section>\n\n\n\n<section class=\"wp-block-mkl-section-block section-infoline\"><div class=\"container  \">\n  \n<div class=\"breadcrumbs-wrap \" >\n  \n<div class=\"breadcrumbs-wrap__title \">Sie befinden sich in:<\/div>\n\n\n<ul class=\"wp-block-list\">\n<li><a href=\"https:\/\/soncaliu.com\/de\">Startseite<\/a><\/li>\n\n\n\n<li><a href=\"https:\/\/soncaliu.com\/de\/zimmer-und-suiten\/\">Zimmer &amp; Suiten<\/a><\/li>\n\n\n\n<li><a href=\"https:\/\/soncaliu.com\/de\/standardzimmer\/\">Standardzimmer<\/a><\/li>\n\n\n\n<li>Standard Doppelzimmer<\/li>\n<\/ul>\n\n\n\n<p><\/p>\n\n\n<\/div>\n\n<\/div><\/section>\n\n\n\n<section class=\"wp-block-mkl-section-block section-content dc-content\"><div class=\"container  \">\n  \n\n<div class=\"row\">\n<div class=\"pr-lg-5 col-md-6\">\n<h2 class=\"wp-block-heading\" id=\"standard-doppelzimmer\">Standard <strong><em>Doppelzimmer<\/em><\/strong><\/h2>\n\n\n\n<p>Helle, neu renovierte Zimmer<\/p>\n\n\n<a class=\"dc-btn dc-btn_outline-primary dc-btn_lg js-linkBook \" href=\"#\">Buchen<\/a><\/div>\n\n\n\n<div class=\"pl-lg-5 col-md-6\">\n<p>Ger\u00e4umige Zimmer im&nbsp;<strong>mediterranen Stil, mit viel Licht;<\/strong>&nbsp;in welchen lokale Materialien der Insel, wie&nbsp;<strong>Naturstein aus Binissalem oder Natureiche benutzt wurden.<\/strong><\/p>\n\n\n\n<p>Die B\u00f6den aus elfenbeinfarbenen Marmor und die B\u00e4der mit Verkleidung und Ablagefl\u00e4chen aus mallorquinischem Naturstein verleihen Ihrem Aufenthalt einen eleganten Touch.<\/p>\n\n\n\n<p>Alle Standart Zimmer bieten&nbsp;<strong>Garten- und Umgebungsblick<\/strong>&nbsp;und verf\u00fcgen \u00fcber&nbsp;<strong>einen privaten Balkon.<\/strong><\/p>\n<\/div>\n<\/div>\n\n\n<\/div><\/section>\n\n\n\n<section class=\"wp-block-mkl-section-block section-gallery\"><div class=\"container-fluid \" >\n  \n\n<div class=\"row-columns-1 row\">\n<div class=\"col-6 col-md-4\">\n<figure class=\"wp-block-image size-large w-100 dc-fancybox\"><a href=\"https:\/\/www.soncaliu.com\/wp-content\/uploads\/2021\/09\/Son-Caliu-Standard-Room-02-1024x683.jpg\"><img loading=\"lazy\" decoding=\"async\" width=\"1024\" height=\"683\" src=\"https:\/\/www.soncaliu.com\/wp-content\/uploads\/2021\/09\/Son-Caliu-Standard-Room-02-1024x683.jpg\" alt=\"Son Caliu Standard Room\" class=\"wp-image-14272\" srcset=\"https:\/\/www.soncaliu.com\/wp-content\/uploads\/2021\/09\/Son-Caliu-Standard-Room-02-1024x683.jpg 1024w, https:\/\/www.soncaliu.com\/wp-content\/uploads\/2021\/09\/Son-Caliu-Standard-Room-02-300x200.jpg 300w, https:\/\/www.soncaliu.com\/wp-content\/uploads\/2021\/09\/Son-Caliu-Standard-Room-02-768x512.jpg 768w, https:\/\/www.soncaliu.com\/wp-content\/uploads\/2021\/09\/Son-Caliu-Standard-Room-02-1536x1024.jpg 1536w, https:\/\/www.soncaliu.com\/wp-content\/uploads\/2021\/09\/Son-Caliu-Standard-Room-02.jpg 1920w\" sizes=\"auto, (max-width: 1024px) 100vw, 1024px\" \/><\/a><\/figure>\n<\/div>\n\n\n\n<div class=\"col-6 col-md-4\">\n<figure class=\"wp-block-image size-large w-100 dc-fancybox\"><a href=\"https:\/\/www.soncaliu.com\/wp-content\/uploads\/2023\/11\/Son-Caliu-Standard-Room-01-1024x683.jpg\"><img loading=\"lazy\" decoding=\"async\" width=\"1024\" height=\"683\" src=\"https:\/\/www.soncaliu.com\/wp-content\/uploads\/2023\/11\/Son-Caliu-Standard-Room-01-1024x683.jpg\" alt=\"\" class=\"wp-image-14620\" srcset=\"https:\/\/www.soncaliu.com\/wp-content\/uploads\/2023\/11\/Son-Caliu-Standard-Room-01-1024x683.jpg 1024w, https:\/\/www.soncaliu.com\/wp-content\/uploads\/2023\/11\/Son-Caliu-Standard-Room-01-300x200.jpg 300w, https:\/\/www.soncaliu.com\/wp-content\/uploads\/2023\/11\/Son-Caliu-Standard-Room-01-768x512.jpg 768w, https:\/\/www.soncaliu.com\/wp-content\/uploads\/2023\/11\/Son-Caliu-Standard-Room-01-1536x1024.jpg 1536w, https:\/\/www.soncaliu.com\/wp-content\/uploads\/2023\/11\/Son-Caliu-Standard-Room-01.jpg 1920w\" sizes=\"auto, (max-width: 1024px) 100vw, 1024px\" \/><\/a><\/figure>\n<\/div>\n\n\n\n<div class=\"col-6 col-md-4\">\n<figure class=\"wp-block-image size-large w-100 dc-fancybox\"><a href=\"https:\/\/www.soncaliu.com\/wp-content\/uploads\/2023\/11\/Son-Caliu-Standard-Room-04-1024x683.jpg\"><img loading=\"lazy\" decoding=\"async\" width=\"1024\" height=\"683\" src=\"https:\/\/www.soncaliu.com\/wp-content\/uploads\/2023\/11\/Son-Caliu-Standard-Room-04-1024x683.jpg\" alt=\"\" class=\"wp-image-14625\" srcset=\"https:\/\/www.soncaliu.com\/wp-content\/uploads\/2023\/11\/Son-Caliu-Standard-Room-04-1024x683.jpg 1024w, https:\/\/www.soncaliu.com\/wp-content\/uploads\/2023\/11\/Son-Caliu-Standard-Room-04-300x200.jpg 300w, https:\/\/www.soncaliu.com\/wp-content\/uploads\/2023\/11\/Son-Caliu-Standard-Room-04-768x512.jpg 768w, https:\/\/www.soncaliu.com\/wp-content\/uploads\/2023\/11\/Son-Caliu-Standard-Room-04-1536x1024.jpg 1536w, https:\/\/www.soncaliu.com\/wp-content\/uploads\/2023\/11\/Son-Caliu-Standard-Room-04.jpg 1920w\" sizes=\"auto, (max-width: 1024px) 100vw, 1024px\" \/><\/a><\/figure>\n<\/div>\n\n\n\n<div class=\"col-6 col-md-4\">\n<figure class=\"wp-block-image size-large w-100 dc-fancybox\"><a href=\"https:\/\/www.soncaliu.com\/wp-content\/uploads\/2021\/09\/Son-Caliu-Standard-Room-Bathroom-1024x683.jpg\"><img loading=\"lazy\" decoding=\"async\" width=\"1024\" height=\"683\" src=\"https:\/\/www.soncaliu.com\/wp-content\/uploads\/2021\/09\/Son-Caliu-Standard-Room-Bathroom-1024x683.jpg\" alt=\"Son Caliu Standard Room Bathroom\" class=\"wp-image-14282\" srcset=\"https:\/\/www.soncaliu.com\/wp-content\/uploads\/2021\/09\/Son-Caliu-Standard-Room-Bathroom-1024x683.jpg 1024w, https:\/\/www.soncaliu.com\/wp-content\/uploads\/2021\/09\/Son-Caliu-Standard-Room-Bathroom-300x200.jpg 300w, https:\/\/www.soncaliu.com\/wp-content\/uploads\/2021\/09\/Son-Caliu-Standard-Room-Bathroom-768x512.jpg 768w, https:\/\/www.soncaliu.com\/wp-content\/uploads\/2021\/09\/Son-Caliu-Standard-Room-Bathroom-1536x1024.jpg 1536w, https:\/\/www.soncaliu.com\/wp-content\/uploads\/2021\/09\/Son-Caliu-Standard-Room-Bathroom.jpg 1920w\" sizes=\"auto, (max-width: 1024px) 100vw, 1024px\" \/><\/a><\/figure>\n<\/div>\n\n\n\n<div class=\"col-6 col-md-4\">\n<figure class=\"wp-block-image size-large w-100 dc-fancybox\"><a href=\"https:\/\/www.soncaliu.com\/wp-content\/uploads\/2023\/11\/Son-Caliu-Standard-Room-Balcony-01-1024x683.jpg\"><img loading=\"lazy\" decoding=\"async\" width=\"1024\" height=\"683\" src=\"https:\/\/www.soncaliu.com\/wp-content\/uploads\/2023\/11\/Son-Caliu-Standard-Room-Balcony-01-1024x683.jpg\" alt=\"\" class=\"wp-image-14626\" srcset=\"https:\/\/www.soncaliu.com\/wp-content\/uploads\/2023\/11\/Son-Caliu-Standard-Room-Balcony-01-1024x683.jpg 1024w, https:\/\/www.soncaliu.com\/wp-content\/uploads\/2023\/11\/Son-Caliu-Standard-Room-Balcony-01-300x200.jpg 300w, https:\/\/www.soncaliu.com\/wp-content\/uploads\/2023\/11\/Son-Caliu-Standard-Room-Balcony-01-768x512.jpg 768w, https:\/\/www.soncaliu.com\/wp-content\/uploads\/2023\/11\/Son-Caliu-Standard-Room-Balcony-01-1536x1024.jpg 1536w, https:\/\/www.soncaliu.com\/wp-content\/uploads\/2023\/11\/Son-Caliu-Standard-Room-Balcony-01.jpg 1920w\" sizes=\"auto, (max-width: 1024px) 100vw, 1024px\" \/><\/a><\/figure>\n<\/div>\n\n\n\n<div class=\"col-6 col-md-4\"><a href=\"#\" class=\"lnk-1 dc-c-xy\" >\n  <span>Galerie <em>ansehen<\/em><\/span>\n  <i class=\"icon-ic-right\"><\/i>\n<\/a><\/div>\n<\/div>\n\n\n<\/div>\n\n<div class=\"d-none js-dc-gallery \" >\n  \n\n<figure class=\"wp-block-gallery has-nested-images columns-default is-cropped wp-block-gallery-1 is-layout-flex wp-block-gallery-is-layout-flex\">\n<figure class=\"wp-block-image size-large\"><img loading=\"lazy\" decoding=\"async\" width=\"1024\" height=\"683\" data-id=\"16957\" src=\"https:\/\/www.soncaliu.com\/wp-content\/uploads\/2021\/09\/standard-room-01-1024x683.jpg\" alt=\"\" class=\"wp-image-16957\" srcset=\"https:\/\/www.soncaliu.com\/wp-content\/uploads\/2021\/09\/standard-room-01-1024x683.jpg 1024w, https:\/\/www.soncaliu.com\/wp-content\/uploads\/2021\/09\/standard-room-01-300x200.jpg 300w, https:\/\/www.soncaliu.com\/wp-content\/uploads\/2021\/09\/standard-room-01-768x512.jpg 768w, https:\/\/www.soncaliu.com\/wp-content\/uploads\/2021\/09\/standard-room-01-1536x1024.jpg 1536w, https:\/\/www.soncaliu.com\/wp-content\/uploads\/2021\/09\/standard-room-01.jpg 1920w\" sizes=\"auto, (max-width: 1024px) 100vw, 1024px\" \/><\/figure>\n\n\n\n<figure class=\"wp-block-image size-large\"><img loading=\"lazy\" decoding=\"async\" width=\"1024\" height=\"683\" data-id=\"16967\" src=\"https:\/\/www.soncaliu.com\/wp-content\/uploads\/2021\/09\/standard-room-02-1024x683.jpg\" alt=\"\" class=\"wp-image-16967\" srcset=\"https:\/\/www.soncaliu.com\/wp-content\/uploads\/2021\/09\/standard-room-02-1024x683.jpg 1024w, https:\/\/www.soncaliu.com\/wp-content\/uploads\/2021\/09\/standard-room-02-300x200.jpg 300w, https:\/\/www.soncaliu.com\/wp-content\/uploads\/2021\/09\/standard-room-02-768x512.jpg 768w, https:\/\/www.soncaliu.com\/wp-content\/uploads\/2021\/09\/standard-room-02-1536x1024.jpg 1536w, https:\/\/www.soncaliu.com\/wp-content\/uploads\/2021\/09\/standard-room-02.jpg 1920w\" sizes=\"auto, (max-width: 1024px) 100vw, 1024px\" \/><\/figure>\n\n\n\n<figure class=\"wp-block-image size-large\"><img loading=\"lazy\" decoding=\"async\" width=\"1024\" height=\"683\" data-id=\"16972\" src=\"https:\/\/www.soncaliu.com\/wp-content\/uploads\/2021\/09\/standard-room-03-1024x683.jpg\" alt=\"\" class=\"wp-image-16972\" srcset=\"https:\/\/www.soncaliu.com\/wp-content\/uploads\/2021\/09\/standard-room-03-1024x683.jpg 1024w, https:\/\/www.soncaliu.com\/wp-content\/uploads\/2021\/09\/standard-room-03-300x200.jpg 300w, https:\/\/www.soncaliu.com\/wp-content\/uploads\/2021\/09\/standard-room-03-768x512.jpg 768w, https:\/\/www.soncaliu.com\/wp-content\/uploads\/2021\/09\/standard-room-03-1536x1024.jpg 1536w, https:\/\/www.soncaliu.com\/wp-content\/uploads\/2021\/09\/standard-room-03.jpg 1920w\" sizes=\"auto, (max-width: 1024px) 100vw, 1024px\" \/><\/figure>\n\n\n\n<figure class=\"wp-block-image size-large\"><img loading=\"lazy\" decoding=\"async\" width=\"1024\" height=\"683\" data-id=\"16962\" src=\"https:\/\/www.soncaliu.com\/wp-content\/uploads\/2021\/09\/standard-room-04-1024x683.jpg\" alt=\"\" class=\"wp-image-16962\" srcset=\"https:\/\/www.soncaliu.com\/wp-content\/uploads\/2021\/09\/standard-room-04-1024x683.jpg 1024w, https:\/\/www.soncaliu.com\/wp-content\/uploads\/2021\/09\/standard-room-04-300x200.jpg 300w, https:\/\/www.soncaliu.com\/wp-content\/uploads\/2021\/09\/standard-room-04-768x512.jpg 768w, https:\/\/www.soncaliu.com\/wp-content\/uploads\/2021\/09\/standard-room-04-1536x1024.jpg 1536w, https:\/\/www.soncaliu.com\/wp-content\/uploads\/2021\/09\/standard-room-04.jpg 1920w\" sizes=\"auto, (max-width: 1024px) 100vw, 1024px\" \/><\/figure>\n\n\n\n<figure class=\"wp-block-image size-large\"><img loading=\"lazy\" decoding=\"async\" width=\"1024\" height=\"683\" data-id=\"14610\" src=\"https:\/\/www.soncaliu.com\/wp-content\/uploads\/2023\/11\/Son-Caliu-Standard-Room-03-1024x683.jpg\" alt=\"\" class=\"wp-image-14610\" srcset=\"https:\/\/www.soncaliu.com\/wp-content\/uploads\/2023\/11\/Son-Caliu-Standard-Room-03-1024x683.jpg 1024w, https:\/\/www.soncaliu.com\/wp-content\/uploads\/2023\/11\/Son-Caliu-Standard-Room-03-300x200.jpg 300w, https:\/\/www.soncaliu.com\/wp-content\/uploads\/2023\/11\/Son-Caliu-Standard-Room-03-768x512.jpg 768w, https:\/\/www.soncaliu.com\/wp-content\/uploads\/2023\/11\/Son-Caliu-Standard-Room-03-1536x1024.jpg 1536w, https:\/\/www.soncaliu.com\/wp-content\/uploads\/2023\/11\/Son-Caliu-Standard-Room-03.jpg 1920w\" sizes=\"auto, (max-width: 1024px) 100vw, 1024px\" \/><\/figure>\n\n\n\n<figure class=\"wp-block-image size-large\"><img loading=\"lazy\" decoding=\"async\" width=\"1024\" height=\"683\" data-id=\"14635\" src=\"https:\/\/www.soncaliu.com\/wp-content\/uploads\/2023\/11\/Son-Caliu-Standard-Room-05-1024x683.jpg\" alt=\"\" class=\"wp-image-14635\" srcset=\"https:\/\/www.soncaliu.com\/wp-content\/uploads\/2023\/11\/Son-Caliu-Standard-Room-05-1024x683.jpg 1024w, https:\/\/www.soncaliu.com\/wp-content\/uploads\/2023\/11\/Son-Caliu-Standard-Room-05-300x200.jpg 300w, https:\/\/www.soncaliu.com\/wp-content\/uploads\/2023\/11\/Son-Caliu-Standard-Room-05-768x512.jpg 768w, https:\/\/www.soncaliu.com\/wp-content\/uploads\/2023\/11\/Son-Caliu-Standard-Room-05-1536x1024.jpg 1536w, https:\/\/www.soncaliu.com\/wp-content\/uploads\/2023\/11\/Son-Caliu-Standard-Room-05.jpg 1920w\" sizes=\"auto, (max-width: 1024px) 100vw, 1024px\" \/><\/figure>\n\n\n\n<figure class=\"wp-block-image size-large\"><img loading=\"lazy\" decoding=\"async\" width=\"1024\" height=\"683\" data-id=\"14640\" src=\"https:\/\/www.soncaliu.com\/wp-content\/uploads\/2023\/11\/Son-Caliu-Standard-Room-Balcony-02-1024x683.jpg\" alt=\"\" class=\"wp-image-14640\" srcset=\"https:\/\/www.soncaliu.com\/wp-content\/uploads\/2023\/11\/Son-Caliu-Standard-Room-Balcony-02-1024x683.jpg 1024w, https:\/\/www.soncaliu.com\/wp-content\/uploads\/2023\/11\/Son-Caliu-Standard-Room-Balcony-02-300x200.jpg 300w, https:\/\/www.soncaliu.com\/wp-content\/uploads\/2023\/11\/Son-Caliu-Standard-Room-Balcony-02-768x512.jpg 768w, https:\/\/www.soncaliu.com\/wp-content\/uploads\/2023\/11\/Son-Caliu-Standard-Room-Balcony-02-1536x1024.jpg 1536w, https:\/\/www.soncaliu.com\/wp-content\/uploads\/2023\/11\/Son-Caliu-Standard-Room-Balcony-02.jpg 1920w\" sizes=\"auto, (max-width: 1024px) 100vw, 1024px\" \/><\/figure>\n\n\n\n<figure class=\"wp-block-image size-large\"><img loading=\"lazy\" decoding=\"async\" width=\"1024\" height=\"683\" data-id=\"14650\" src=\"https:\/\/www.soncaliu.com\/wp-content\/uploads\/2023\/11\/Son-Caliu-Standard-Room-Bathroom-01-1024x683.jpg\" alt=\"\" class=\"wp-image-14650\" srcset=\"https:\/\/www.soncaliu.com\/wp-content\/uploads\/2023\/11\/Son-Caliu-Standard-Room-Bathroom-01-1024x683.jpg 1024w, https:\/\/www.soncaliu.com\/wp-content\/uploads\/2023\/11\/Son-Caliu-Standard-Room-Bathroom-01-300x200.jpg 300w, https:\/\/www.soncaliu.com\/wp-content\/uploads\/2023\/11\/Son-Caliu-Standard-Room-Bathroom-01-768x512.jpg 768w, https:\/\/www.soncaliu.com\/wp-content\/uploads\/2023\/11\/Son-Caliu-Standard-Room-Bathroom-01-1536x1024.jpg 1536w, https:\/\/www.soncaliu.com\/wp-content\/uploads\/2023\/11\/Son-Caliu-Standard-Room-Bathroom-01.jpg 1920w\" sizes=\"auto, (max-width: 1024px) 100vw, 1024px\" \/><\/figure>\n\n\n\n<figure class=\"wp-block-image size-large\"><img loading=\"lazy\" decoding=\"async\" width=\"1024\" height=\"683\" data-id=\"14641\" src=\"https:\/\/www.soncaliu.com\/wp-content\/uploads\/2023\/11\/Son-Caliu-Standard-Room-Bathroom-02-1024x683.jpg\" alt=\"\" class=\"wp-image-14641\" srcset=\"https:\/\/www.soncaliu.com\/wp-content\/uploads\/2023\/11\/Son-Caliu-Standard-Room-Bathroom-02-1024x683.jpg 1024w, https:\/\/www.soncaliu.com\/wp-content\/uploads\/2023\/11\/Son-Caliu-Standard-Room-Bathroom-02-300x200.jpg 300w, https:\/\/www.soncaliu.com\/wp-content\/uploads\/2023\/11\/Son-Caliu-Standard-Room-Bathroom-02-768x512.jpg 768w, https:\/\/www.soncaliu.com\/wp-content\/uploads\/2023\/11\/Son-Caliu-Standard-Room-Bathroom-02-1536x1024.jpg 1536w, https:\/\/www.soncaliu.com\/wp-content\/uploads\/2023\/11\/Son-Caliu-Standard-Room-Bathroom-02.jpg 1920w\" sizes=\"auto, (max-width: 1024px) 100vw, 1024px\" \/><\/figure>\n\n\n\n<figure class=\"wp-block-image size-large\"><img loading=\"lazy\" decoding=\"async\" width=\"683\" height=\"1024\" data-id=\"14655\" src=\"https:\/\/www.soncaliu.com\/wp-content\/uploads\/2023\/11\/Son-Caliu-Standard-Room-Bathroom-03-683x1024.jpg\" alt=\"\" class=\"wp-image-14655\" srcset=\"https:\/\/www.soncaliu.com\/wp-content\/uploads\/2023\/11\/Son-Caliu-Standard-Room-Bathroom-03-683x1024.jpg 683w, https:\/\/www.soncaliu.com\/wp-content\/uploads\/2023\/11\/Son-Caliu-Standard-Room-Bathroom-03-200x300.jpg 200w, https:\/\/www.soncaliu.com\/wp-content\/uploads\/2023\/11\/Son-Caliu-Standard-Room-Bathroom-03-768x1152.jpg 768w, https:\/\/www.soncaliu.com\/wp-content\/uploads\/2023\/11\/Son-Caliu-Standard-Room-Bathroom-03-1024x1536.jpg 1024w, https:\/\/www.soncaliu.com\/wp-content\/uploads\/2023\/11\/Son-Caliu-Standard-Room-Bathroom-03-1365x2048.jpg 1365w, https:\/\/www.soncaliu.com\/wp-content\/uploads\/2023\/11\/Son-Caliu-Standard-Room-Bathroom-03-scaled.jpg 1707w\" sizes=\"auto, (max-width: 683px) 100vw, 683px\" \/><\/figure>\n\n\n\n<figure class=\"wp-block-image size-large\"><img loading=\"lazy\" decoding=\"async\" width=\"1024\" height=\"683\" data-id=\"14753\" src=\"https:\/\/www.soncaliu.com\/wp-content\/uploads\/2021\/09\/Double-Standard-Room-Details-03-1024x683.jpg\" alt=\"\" class=\"wp-image-14753\" srcset=\"https:\/\/www.soncaliu.com\/wp-content\/uploads\/2021\/09\/Double-Standard-Room-Details-03-1024x683.jpg 1024w, https:\/\/www.soncaliu.com\/wp-content\/uploads\/2021\/09\/Double-Standard-Room-Details-03-300x200.jpg 300w, https:\/\/www.soncaliu.com\/wp-content\/uploads\/2021\/09\/Double-Standard-Room-Details-03-768x512.jpg 768w, https:\/\/www.soncaliu.com\/wp-content\/uploads\/2021\/09\/Double-Standard-Room-Details-03-1536x1024.jpg 1536w, https:\/\/www.soncaliu.com\/wp-content\/uploads\/2021\/09\/Double-Standard-Room-Details-03.jpg 1920w\" sizes=\"auto, (max-width: 1024px) 100vw, 1024px\" \/><\/figure>\n\n\n\n<figure class=\"wp-block-image size-large\"><img loading=\"lazy\" decoding=\"async\" width=\"1024\" height=\"683\" data-id=\"14758\" src=\"https:\/\/www.soncaliu.com\/wp-content\/uploads\/2021\/09\/Double-Standard-Room-Details-04-1024x683.jpg\" alt=\"\" class=\"wp-image-14758\" srcset=\"https:\/\/www.soncaliu.com\/wp-content\/uploads\/2021\/09\/Double-Standard-Room-Details-04-1024x683.jpg 1024w, https:\/\/www.soncaliu.com\/wp-content\/uploads\/2021\/09\/Double-Standard-Room-Details-04-300x200.jpg 300w, https:\/\/www.soncaliu.com\/wp-content\/uploads\/2021\/09\/Double-Standard-Room-Details-04-768x512.jpg 768w, https:\/\/www.soncaliu.com\/wp-content\/uploads\/2021\/09\/Double-Standard-Room-Details-04-1536x1024.jpg 1536w, https:\/\/www.soncaliu.com\/wp-content\/uploads\/2021\/09\/Double-Standard-Room-Details-04.jpg 1920w\" sizes=\"auto, (max-width: 1024px) 100vw, 1024px\" \/><\/figure>\n\n\n\n<figure class=\"wp-block-image size-large\"><img loading=\"lazy\" decoding=\"async\" width=\"1024\" height=\"683\" data-id=\"14743\" src=\"https:\/\/www.soncaliu.com\/wp-content\/uploads\/2021\/09\/Double-Standard-Room-Details-01-1024x683.jpg\" alt=\"\" class=\"wp-image-14743\" srcset=\"https:\/\/www.soncaliu.com\/wp-content\/uploads\/2021\/09\/Double-Standard-Room-Details-01-1024x683.jpg 1024w, https:\/\/www.soncaliu.com\/wp-content\/uploads\/2021\/09\/Double-Standard-Room-Details-01-300x200.jpg 300w, https:\/\/www.soncaliu.com\/wp-content\/uploads\/2021\/09\/Double-Standard-Room-Details-01-768x512.jpg 768w, https:\/\/www.soncaliu.com\/wp-content\/uploads\/2021\/09\/Double-Standard-Room-Details-01-1536x1024.jpg 1536w, https:\/\/www.soncaliu.com\/wp-content\/uploads\/2021\/09\/Double-Standard-Room-Details-01.jpg 1920w\" sizes=\"auto, (max-width: 1024px) 100vw, 1024px\" \/><\/figure>\n\n\n\n<figure class=\"wp-block-image size-large\"><img loading=\"lazy\" decoding=\"async\" width=\"683\" height=\"1024\" data-id=\"14748\" src=\"https:\/\/www.soncaliu.com\/wp-content\/uploads\/2021\/09\/Double-Standard-Room-Details-02-683x1024.jpg\" alt=\"\" class=\"wp-image-14748\" srcset=\"https:\/\/www.soncaliu.com\/wp-content\/uploads\/2021\/09\/Double-Standard-Room-Details-02-683x1024.jpg 683w, https:\/\/www.soncaliu.com\/wp-content\/uploads\/2021\/09\/Double-Standard-Room-Details-02-200x300.jpg 200w, https:\/\/www.soncaliu.com\/wp-content\/uploads\/2021\/09\/Double-Standard-Room-Details-02-768x1152.jpg 768w, https:\/\/www.soncaliu.com\/wp-content\/uploads\/2021\/09\/Double-Standard-Room-Details-02-1024x1536.jpg 1024w, https:\/\/www.soncaliu.com\/wp-content\/uploads\/2021\/09\/Double-Standard-Room-Details-02.jpg 1280w\" sizes=\"auto, (max-width: 683px) 100vw, 683px\" \/><\/figure>\n<\/figure>\n\n\n<\/div><\/section>\n\n\n\n<section class=\"wp-block-mkl-section-block section-lists\"><div class=\"section-lists__title \">Ausstattung<\/div>\n\n<div class=\"container  \">\n  \n\n<h3 class=\"wp-block-heading has-text-align-left\" id=\"alles-fur-ihr-wohlbefinden\">Alles f\u00fcr Ihr Wohlbefinden<\/h3>\n\n\n\n<h2 class=\"wp-block-heading\" id=\"ausstattung-und-dienstleistungen\">Ausstattung und&nbsp;<em><strong>Dienstleistungen<\/strong><\/em><\/h2>\n\n\n\n<div class=\"row\">\n<div class=\"pr-lg-5 col-md-6\">\n<ul class=\"wp-block-list list-full\">\n<li>Willkommensgeschenke<\/li>\n\n\n\n<li>Kostenloses High Speed WLAN<\/li>\n\n\n\n<li>LCD Fernsehen<\/li>\n\n\n\n<li>Zutritt zum Spa-Bereich Spa Oasis<\/li>\n\n\n\n<li>Bademantel und Hausschuhe mit dem Logo des Hotels<\/li>\n\n\n\n<li>Wasserkocherservice mit kostenlosem Tee und Kaffee<\/li>\n\n\n\n<li>Komplett ausgestattetes Bad mit Designer-Dusche, Waschbecken, F\u00f6n und Vergr\u00f6sserungsspiegel<\/li>\n\n\n\n<li>Badartikel auf Anfrage<\/li>\n\n\n\n<li>Klimaanlage\/Heizung<\/li>\n<\/ul>\n<\/div>\n\n\n\n<div class=\"pl-lg-5 col-md-6\">\n<ul class=\"wp-block-list list-full\">\n<li>Minibar mit verschiedenen Getr\u00e4nken (entgeltlich)<\/li>\n\n\n\n<li>Mietsafe<\/li>\n\n\n\n<li>Schreibtisch<\/li>\n\n\n\n<li>Telefon mit direkter Auslandslinie (entgeltlich)<\/li>\n\n\n\n<li>24 Std. Roomservice (entgeltlich)<\/li>\n\n\n\n<li>W\u00e4scheservice (entgeltlich)<\/li>\n\n\n\n<li>B\u00fcgelbrett und B\u00fcgeleisen Service auf Nachfrage<\/li>\n<\/ul>\n<\/div>\n<\/div>\n\n\n<\/div><\/section>\n\n\n\n<section class=\"wp-block-mkl-section-block section-slider section-slider_2\"><div class=\"container  \">\n  \n\n<h3 class=\"wp-block-heading has-text-align-center\" id=\"ein-traumhaft-schoner-aufenthalt\">Ein traumhaft sch\u00f6ner Aufenthalt<\/h3>\n\n\n\n<h2 class=\"wp-block-heading has-text-align-center\" id=\"andere-zimmer\">Andere <strong><em>Zimmer<\/em><\/strong><\/h2>\n\n\n\n<h4 class=\"wp-block-heading has-text-align-center\" id=\"entdecken-sie-unsere-zimmer\"><a href=\"https:\/\/soncaliu.com\/de\/zimmer-und-suiten\/\">Entdecken Sie unsere <strong><em>Zimmer<\/em><\/strong><\/a><\/h4>\n\n\n<div class=\"slider-wrap-txt pl-0 pr-0 \" >\n  \n<div class=\"sl-wr-txt \">Zimmer und Suiten<\/div>\n\n<div class=\"dc-swiper \" >\n  \n<div class=\"swiper-wrapper \" >\n  \n<div class=\"swiper-slide \" >\n  \n<div class=\"sl-item text-center \" >\n  \n\n<figure class=\"wp-block-image size-full sl-item__img\"><img loading=\"lazy\" decoding=\"async\" width=\"590\" height=\"500\" src=\"https:\/\/www.soncaliu.com\/wp-content\/uploads\/2024\/05\/Suite-Golf-590x500-1.jpg\" alt=\"\" class=\"wp-image-16126\" srcset=\"https:\/\/www.soncaliu.com\/wp-content\/uploads\/2024\/05\/Suite-Golf-590x500-1.jpg 590w, https:\/\/www.soncaliu.com\/wp-content\/uploads\/2024\/05\/Suite-Golf-590x500-1-300x254.jpg 300w\" sizes=\"auto, (max-width: 590px) 100vw, 590px\" \/><\/figure>\n\n\n\n<h3 class=\"wp-block-heading\" id=\"suite-golf-oasis-1\">Suite <em>Golf Oasis<\/em><\/h3>\n\n\n<a href=\"https:\/\/soncaliu.com\/de\/suite-golf-oasis\/\" class=\"sl-item__lnk\" >\n  <span>Weitere <strong><em>Informationen<\/em><\/strong><\/span>\n  <i class=\"icon-ic-right\"><\/i>\n<\/a>\n\n<\/div>\n\n<\/div>\n\n<div class=\"swiper-slide \" >\n  \n<div class=\"sl-item text-center \" >\n  \n\n<figure class=\"wp-block-image size-full sl-item__img\"><a href=\"https:\/\/www.soncaliu.com\/de\/son-caliu-suite-mit-teilweisem-meerblick\/\"><img loading=\"lazy\" decoding=\"async\" width=\"590\" height=\"500\" src=\"https:\/\/www.soncaliu.com\/wp-content\/uploads\/2021\/09\/Suite-Son-Caliu.jpg\" alt=\"Suite Son Caliu\" class=\"wp-image-14307\" srcset=\"https:\/\/www.soncaliu.com\/wp-content\/uploads\/2021\/09\/Suite-Son-Caliu.jpg 590w, https:\/\/www.soncaliu.com\/wp-content\/uploads\/2021\/09\/Suite-Son-Caliu-300x254.jpg 300w\" sizes=\"auto, (max-width: 590px) 100vw, 590px\" \/><\/a><\/figure>\n\n\n\n<h3 class=\"wp-block-heading\" id=\"suite-deluxe-1\">Son Caliu Suite <em>Mediterraner Blick<\/em><\/h3>\n\n\n<a href=\"https:\/\/www.soncaliu.com\/de\/son-caliu-suite-mediterraner-blick\/\" class=\"sl-item__lnk\" >\n  <span>Weitere <strong><em>Informationen<\/em><\/strong><\/span>\n  <i class=\"icon-ic-right\"><\/i>\n<\/a>\n\n<\/div>\n\n<\/div>\n\n<div class=\"swiper-slide \" >\n  \n<div class=\"sl-item text-center \" >\n  \n\n<figure class=\"wp-block-image size-full sl-item__img\"><img loading=\"lazy\" decoding=\"async\" width=\"590\" height=\"500\" src=\"https:\/\/www.soncaliu.com\/wp-content\/uploads\/2024\/05\/Suite-Deluxe-Vista-Mar-590x500-1.jpg\" alt=\"\" class=\"wp-image-16116\" srcset=\"https:\/\/www.soncaliu.com\/wp-content\/uploads\/2024\/05\/Suite-Deluxe-Vista-Mar-590x500-1.jpg 590w, https:\/\/www.soncaliu.com\/wp-content\/uploads\/2024\/05\/Suite-Deluxe-Vista-Mar-590x500-1-300x254.jpg 300w\" sizes=\"auto, (max-width: 590px) 100vw, 590px\" \/><\/figure>\n\n\n\n<h3 class=\"wp-block-heading\" id=\"suite-deluxe-1\">Suite Deluxe <em>mit Meerblick<\/em><\/h3>\n\n\n<a href=\"https:\/\/soncaliu.com\/de\/suite-deluxe\/\" class=\"sl-item__lnk\" >\n  <span>Weitere <strong><em>Informationen<\/em><\/strong><\/span>\n  <i class=\"icon-ic-right\"><\/i>\n<\/a>\n\n<\/div>\n\n<\/div>\n\n<div class=\"swiper-slide \" >\n  \n<div class=\"sl-item text-center \" >\n  \n\n<figure class=\"wp-block-image size-full sl-item__img\"><a href=\"https:\/\/soncaliu.com\/de\/suite-meerblick-frontal\/\"><img loading=\"lazy\" decoding=\"async\" width=\"590\" height=\"500\" src=\"https:\/\/soncaliu.com\/wp-content\/uploads\/2021\/09\/Suite-Vista-Mar.jpg\" alt=\"\" class=\"wp-image-2335\" srcset=\"https:\/\/www.soncaliu.com\/wp-content\/uploads\/2021\/09\/Suite-Vista-Mar.jpg 590w, https:\/\/www.soncaliu.com\/wp-content\/uploads\/2021\/09\/Suite-Vista-Mar-300x254.jpg 300w\" sizes=\"auto, (max-width: 590px) 100vw, 590px\" \/><\/a><\/figure>\n\n\n\n<h3 class=\"wp-block-heading\" id=\"suite-meerblick-frontal\">Suite <em>Meerblick-Frontal<\/em><\/h3>\n\n\n<a href=\"https:\/\/soncaliu.com\/de\/suite-meerblick-frontal\/\" class=\"sl-item__lnk\" >\n  <span>Weitere <strong><em>Informationen<\/em><\/strong><\/span>\n  <i class=\"icon-ic-right\"><\/i>\n<\/a>\n\n<\/div>\n\n<\/div>\n\n<div class=\"swiper-slide \" >\n  \n<div class=\"sl-item text-center \" >\n  \n\n<figure class=\"wp-block-image size-full sl-item__img\"><a href=\"https:\/\/soncaliu.com\/de\/suite-junior\/\"><img loading=\"lazy\" decoding=\"async\" width=\"590\" height=\"500\" src=\"https:\/\/soncaliu.com\/wp-content\/uploads\/2021\/09\/Suite-Junior.jpg\" alt=\"\" class=\"wp-image-2334\" srcset=\"https:\/\/www.soncaliu.com\/wp-content\/uploads\/2021\/09\/Suite-Junior.jpg 590w, https:\/\/www.soncaliu.com\/wp-content\/uploads\/2021\/09\/Suite-Junior-300x254.jpg 300w\" sizes=\"auto, (max-width: 590px) 100vw, 590px\" \/><\/a><\/figure>\n\n\n\n<h3 class=\"wp-block-heading\" id=\"suite-junior-1\">Suite <em>Junior<\/em><\/h3>\n\n\n<a href=\"https:\/\/soncaliu.com\/de\/suite-junior\/\" class=\"sl-item__lnk\" >\n  <span>Weitere <strong><em>Informationen<\/em><\/strong><\/span>\n  <i class=\"icon-ic-right\"><\/i>\n<\/a>\n\n<\/div>\n\n<\/div>\n\n<div class=\"swiper-slide \" >\n  \n<div class=\"sl-item text-center \" >\n  \n\n<figure class=\"wp-block-image size-full sl-item__img\"><a href=\"https:\/\/soncaliu.com\/de\/premium-oasis\/\"><img loading=\"lazy\" decoding=\"async\" width=\"590\" height=\"500\" src=\"https:\/\/soncaliu.com\/wp-content\/uploads\/2021\/09\/Premium-Oasis.jpg\" alt=\"\" class=\"wp-image-2333\" srcset=\"https:\/\/www.soncaliu.com\/wp-content\/uploads\/2021\/09\/Premium-Oasis.jpg 590w, https:\/\/www.soncaliu.com\/wp-content\/uploads\/2021\/09\/Premium-Oasis-300x254.jpg 300w\" sizes=\"auto, (max-width: 590px) 100vw, 590px\" \/><\/a><\/figure>\n\n\n\n<h3 class=\"wp-block-heading\" id=\"premium-oasis-1\">Premium <em>Oasis<\/em><\/h3>\n\n\n<a href=\"https:\/\/soncaliu.com\/de\/premium-oasis\/\" class=\"sl-item__lnk\" >\n  <span>Weitere <strong><em>Informationen<\/em><\/strong><\/span>\n  <i class=\"icon-ic-right\"><\/i>\n<\/a>\n\n<\/div>\n\n<\/div>\n\n<div class=\"swiper-slide \" >\n  \n<div class=\"sl-item text-center \" >\n  \n\n<figure class=\"wp-block-image size-full sl-item__img\"><a href=\"https:\/\/soncaliu.com\/de\/premium-zimmer-meerblick\/\"><img loading=\"lazy\" decoding=\"async\" width=\"590\" height=\"500\" src=\"https:\/\/soncaliu.com\/wp-content\/uploads\/2021\/09\/Premium-Vista-Mar.jpg\" alt=\"\" class=\"wp-image-2331\" srcset=\"https:\/\/www.soncaliu.com\/wp-content\/uploads\/2021\/09\/Premium-Vista-Mar.jpg 590w, https:\/\/www.soncaliu.com\/wp-content\/uploads\/2021\/09\/Premium-Vista-Mar-300x254.jpg 300w\" sizes=\"auto, (max-width: 590px) 100vw, 590px\" \/><\/a><\/figure>\n\n\n\n<h3 class=\"wp-block-heading\" id=\"premium-zimmer-meerblick\">Premium Zimmer <em>Meerblick<\/em><\/h3>\n\n\n<a href=\"https:\/\/soncaliu.com\/de\/premium-zimmer-meerblick\/\" class=\"sl-item__lnk\" >\n  <span>Weitere <strong><em>Informationen<\/em><\/strong><\/span>\n  <i class=\"icon-ic-right\"><\/i>\n<\/a>\n\n<\/div>\n\n<\/div>\n\n<div class=\"swiper-slide \" >\n  \n<div class=\"sl-item text-center \" >\n  \n\n<figure class=\"wp-block-image size-full sl-item__img\"><a href=\"https:\/\/soncaliu.com\/de\/doppelzimmer-superior-mit-terrasse\/\"><img loading=\"lazy\" decoding=\"async\" width=\"590\" height=\"500\" src=\"https:\/\/soncaliu.com\/wp-content\/uploads\/2021\/09\/Doble-Superior-con-terraza.jpg\" alt=\"\" class=\"wp-image-2330\" srcset=\"https:\/\/www.soncaliu.com\/wp-content\/uploads\/2021\/09\/Doble-Superior-con-terraza.jpg 590w, https:\/\/www.soncaliu.com\/wp-content\/uploads\/2021\/09\/Doble-Superior-con-terraza-300x254.jpg 300w\" sizes=\"auto, (max-width: 590px) 100vw, 590px\" \/><\/a><\/figure>\n\n\n\n<h3 class=\"wp-block-heading\" id=\"doppelzimmer-superior-mit-terrasse-1\">Doppelzimmer Superior <em>mit Terrasse<\/em><\/h3>\n\n\n<a href=\"https:\/\/soncaliu.com\/de\/doppelzimmer-superior-mit-terrasse\/\" class=\"sl-item__lnk\" >\n  <span>Weitere <strong><em>Informationen<\/em><\/strong><\/span>\n  <i class=\"icon-ic-right\"><\/i>\n<\/a>\n\n<\/div>\n\n<\/div>\n\n<div class=\"swiper-slide \" >\n  \n<div class=\"sl-item text-center \" >\n  \n\n<figure class=\"wp-block-image size-full sl-item__img\"><a href=\"https:\/\/soncaliu.com\/de\/doppelzimmer-superior-mit-teil-meerblick\/\"><img loading=\"lazy\" decoding=\"async\" width=\"590\" height=\"500\" src=\"https:\/\/soncaliu.com\/wp-content\/uploads\/2021\/09\/Doble-superior-Vista-Mar-Parcial.jpg\" alt=\"\" class=\"wp-image-2329\" srcset=\"https:\/\/www.soncaliu.com\/wp-content\/uploads\/2021\/09\/Doble-superior-Vista-Mar-Parcial.jpg 590w, https:\/\/www.soncaliu.com\/wp-content\/uploads\/2021\/09\/Doble-superior-Vista-Mar-Parcial-300x254.jpg 300w\" sizes=\"auto, (max-width: 590px) 100vw, 590px\" \/><\/a><\/figure>\n\n\n\n<h3 class=\"wp-block-heading\" id=\"doppelzimmer-superior-mit-teil-meerblick\">Doppelzimmer Superior <strong>mit Teil-Meerblick<\/strong><\/h3>\n\n\n<a href=\"https:\/\/soncaliu.com\/de\/doppelzimmer-superior-mit-teil-meerblick\/\" class=\"sl-item__lnk\" >\n  <span>Weitere <strong><em>Informationen<\/em><\/strong><\/span>\n  <i class=\"icon-ic-right\"><\/i>\n<\/a>\n\n<\/div>\n\n<\/div>\n\n<div class=\"swiper-slide \" >\n  \n<div class=\"sl-item text-center \" >\n  \n\n<figure class=\"wp-block-image size-full sl-item__img\"><a href=\"https:\/\/soncaliu.com\/doble-superior\/\"><img loading=\"lazy\" decoding=\"async\" width=\"590\" height=\"500\" src=\"https:\/\/soncaliu.com\/wp-content\/uploads\/2021\/09\/Doble-Superior.jpg\" alt=\"\" class=\"wp-image-2328\" srcset=\"https:\/\/www.soncaliu.com\/wp-content\/uploads\/2021\/09\/Doble-Superior.jpg 590w, https:\/\/www.soncaliu.com\/wp-content\/uploads\/2021\/09\/Doble-Superior-300x254.jpg 300w\" sizes=\"auto, (max-width: 590px) 100vw, 590px\" \/><\/a><\/figure>\n\n\n\n<h3 class=\"wp-block-heading\" id=\"doppelzimmer-superior-1\">Doppelzimmer <strong>Superior<\/strong><\/h3>\n\n\n<a href=\"https:\/\/soncaliu.com\/de\/doppelzimmer-superior\/\" class=\"sl-item__lnk\" >\n  <span>Weitere <strong><em>Informationen<\/em><\/strong><\/span>\n  <i class=\"icon-ic-right\"><\/i>\n<\/a>\n\n<\/div>\n\n<\/div>\n\n<div class=\"swiper-slide \" >\n  \n<div class=\"sl-item text-center \" >\n  \n\n<figure class=\"wp-block-image size-full sl-item__img\"><img loading=\"lazy\" decoding=\"async\" width=\"590\" height=\"500\" src=\"https:\/\/www.soncaliu.com\/wp-content\/uploads\/2021\/09\/Standard-Room.jpg\" alt=\"Standard-Room-Carrousel\" class=\"wp-image-14312\" srcset=\"https:\/\/www.soncaliu.com\/wp-content\/uploads\/2021\/09\/Standard-Room.jpg 590w, https:\/\/www.soncaliu.com\/wp-content\/uploads\/2021\/09\/Standard-Room-300x254.jpg 300w\" sizes=\"auto, (max-width: 590px) 100vw, 590px\" \/><\/figure>\n\n\n\n<h3 class=\"wp-block-heading\" id=\"standard-doppelzimmer\">Standard <strong>Doppelzimmer<\/strong><\/h3>\n\n\n<a href=\"https:\/\/soncaliu.com\/de\/standard-doppelzimmer\/\" class=\"sl-item__lnk\" >\n  <span>Weitere <strong><em>Informationen<\/em><\/strong><\/span>\n  <i class=\"icon-ic-right\"><\/i>\n<\/a>\n\n<\/div>\n\n<\/div>\n\n<\/div>\n\n  <div class=\"swiper-button-prev\"><\/div>\n\n  <div class=\"swiper-button-next\"><\/div>\n\n<\/div>\n\n<\/div>\n\n<\/div><\/section>\n\n\n\n<section class=\"wp-block-mkl-section-block section-contacts\"><div class=\"container text-center \">\n  \n\n<h3 class=\"wp-block-heading has-text-align-center\" id=\"contacto\">Kontakt<\/h3>\n\n\n\n<h2 class=\"wp-block-heading has-text-align-center\" id=\"estamos-a-su-completa-disposicion-para-ayudarle-a-planificar-su-estancia-cuidando-todos-los-detalles\"><mark style=\"background-color:rgba(0, 0, 0, 0);color:#b89b61\" class=\"has-inline-color\">Wir helfen Ihnen gerne bei der Planung Ihres Aufenthalts und k\u00fcmmern uns um jedes Detail.\u00a0<\/mark><\/h2>\n\n\n\n<p class=\"has-text-align-center\">Bitte z\u00f6gern Sie nicht, uns zu kontaktieren, um Ihre Buchung zu bearbeiten oder falls Sie weitere Informationen ben\u00f6tigen.<\/p>\n\n\n<a class=\"dc-btn dc-btn_w2 dc-btn_outline-secondary \" href=\"https:\/\/soncaliu.com\/contacto\/\">Kontaktieren Sie uns<\/a>\n\n<\/div><\/section>\n\n\n\n<section class=\"wp-block-mkl-section-block section-advantages\"><div class=\"section-bg bg__stretched\" style=\"background-image:url(https:\/\/soncaliu.com\/wp-content\/uploads\/2021\/08\/bg-1-1024x401.jpg);opacity:1\"><\/div><div class=\"container  \">\n  \n\n<h3 class=\"wp-block-heading has-text-align-center\" id=\"disfrute-de-las-mejores-ventajas\"><mark style=\"background-color: rgba(0, 0, 0, 0);\" class=\"has-inline-color has-white-color\">Genie\u00dfen Sie die besten Vorteile<\/mark><\/h3>\n\n\n\n<h2 class=\"wp-block-heading has-text-align-center\" id=\"ventajas-exclusivas-al-reservar-en-nuestra-pagina-oficial\"><mark style=\"background-color: rgba(0, 0, 0, 0);\" class=\"has-inline-color has-white-color\">Exklusiven Vorteile bei Reservierungen auf<\/mark> <strong><em><mark style=\"background-color: rgba(0, 0, 0, 0);\" class=\"has-inline-color has-white-color\">unserer Webseite<\/mark><\/em><\/strong><\/h2>\n\n\n\n<div class=\"row-adv row-adv-2 row align-items-center\">\n\n\n<div class=\"col-lg-3 col-md-6\"><div class=\"dc-ics-b \" >\n  \n<div class=\"dc-ics-b__circle \" >\n  \n  <i class=\"icon-ic-money\"><\/i>\n\n<\/div>\n\n<div class=\"dc-ics-b__txt \">Garantierter Bestpreis. Unsere besten Angebote finden Sie auf unserer Webseite<\/div>\n\n<\/div><\/div>\n\n\n\n<div class=\"col-lg-3 col-md-6\"><div class=\"dc-ics-b \" >\n  \n<div class=\"dc-ics-b__circle \" >\n  \n\n<svg width=\"72px\" height=\"72px\" viewbox=\"0 0 72 72\" version=\"1.1\" xmlns=\"http:\/\/www.w3.org\/2000\/svg\" xmlns:xlink=\"http:\/\/www.w3.org\/1999\/xlink\">\r\n    <g id=\"Symbols\" stroke=\"none\" stroke-width=\"1\" fill=\"none\" fill-rule=\"evenodd\">\r\n        <g id=\"6-Ventajas\" transform=\"translate(-467.000000, -385.000000)\">\r\n            <g id=\"Group-7\" transform=\"translate(48.000000, 384.000000)\">\r\n                <g id=\"Group-9-Copy\" transform=\"translate(305.000000, 2.000000)\">\r\n                    <g id=\"Group-4\" transform=\"translate(115.000000, 0.000000)\">\r\n                        <path d=\"M35.00089,23.0967205 C35.4761575,24.0383385 44.0000002,31.4474391 44.0000002,37.3284575 C44.0000002,41.7387095 41.0330493,46.9513839 35.00089,47.0005117 C28.9687307,46.9513839 26.0039159,41.7387095 25.9996422,37.3284575 C25.9953717,31.4474391 34.5213505,24.0383385 35.00089,23.0967205 Z M34.998754,26.2378353 C32.7003817,28.6768306 28.1335415,33.6817348 28.1356768,37.327434 C28.1378136,40.2536142 30.0111152,44.9125762 35.0179783,44.9535161 C39.9949369,44.9125762 41.8639665,40.2556612 41.8639665,37.3284575 C41.8639665,33.6817348 37.2949903,28.6747836 34.998754,26.2378353 Z M29.6099076,36.5185637 C29.8840314,36.5185637 30.1059411,36.7089343 30.1059411,36.9463858 C30.1083145,38.9739349 31.4160392,42.0055354 35.0057554,42.0444283 C35.2810659,42.0464753 35.4994156,42.2409399 35.4970614,42.4773679 C35.4946688,42.7117489 35.2727591,42.9000725 35.0010087,42.9000725 C30.6850425,42.8550386 29.1162475,39.3147597 29.1138741,36.9463858 C29.1138741,36.7099578 29.3369705,36.5185637 29.6099076,36.5185637 Z\" id=\"Combined-Shape\" fill=\"#FFFFFF\"><\/path>\r\n                    <\/g>\r\n                <\/g>\r\n            <\/g>\r\n        <\/g>\r\n    <\/g>\r\n<\/svg>\n\n\n<\/div>\n\n<div class=\"dc-ics-b__txt \">Freier Zugang zur Spa Oasis<\/div>\n\n<\/div><\/div>\n\n\n\n<div class=\"col-lg-3 col-md-6\"><div class=\"dc-ics-b \" >\n  \n<div class=\"dc-ics-b__circle \" >\n  \n  <i class=\"icon-ic-cocktail\"><\/i>\n\n<\/div>\n\n<div class=\"dc-ics-b__txt \">Willkommensgruss<\/div>\n\n<\/div><\/div>\n\n\n\n\n\n<div class=\"col-lg-3 col-md-6\"><div class=\"dc-ics-b \" >\n  \n<div class=\"dc-ics-b__circle \" >\n  \n  <i class=\"icon-ic-wifi\"><\/i>\n\n<\/div>\n\n<div class=\"dc-ics-b__txt \">WLAN kostenfrei<\/div>\n\n<\/div><\/div>\n<\/div>\n\n\n<div class=\"text-center link-flash \" >\n  \n\n<h4 class=\"wp-block-heading has-text-align-center js-linkBook\" id=\"reservar-ahora-al-mejor-precio\"><a href=\"#\">Jetzt zum&nbsp;<em>besten Preis buchen<\/em><\/a><\/h4>\n\n\n<\/div>\n\n<\/div><\/section>\n","protected":false},"excerpt":{"rendered":"","protected":false},"author":4,"featured_media":0,"comment_status":"closed","ping_status":"closed","sticky":false,"template":"","format":"standard","meta":{"footnotes":""},"categories":[39],"tags":[],"class_list":["post-3855","post","type-post","status-publish","format-standard","hentry","category-unkategorisiert"],"yoast_head":"<!-- This site is optimized with the Yoast SEO plugin v27.1.1 - https:\/\/yoast.com\/product\/yoast-seo-wordpress\/ -->\n<title>Standard Doppelzimmer - Son Caliu Spa Oasis<\/title>\n<meta name=\"description\" content=\"Mit einer Gr\u00f6sse von ca. 25 m2, bieten alle Superior einen Zimmer Gartenblick und eine private Terrasse.\" \/>\n<meta name=\"robots\" content=\"index, follow, max-snippet:-1, max-image-preview:large, max-video-preview:-1\" \/>\n<link rel=\"canonical\" href=\"https:\/\/www.soncaliu.com\/de\/standard-doppelzimmer\/\" \/>\n<meta property=\"og:locale\" content=\"de_DE\" \/>\n<meta property=\"og:type\" content=\"article\" \/>\n<meta property=\"og:title\" content=\"Standard Doppelzimmer - Son Caliu Spa Oasis\" \/>\n<meta property=\"og:description\" content=\"Mit einer Gr\u00f6sse von ca. 25 m2, bieten alle Superior einen Zimmer Gartenblick und eine private Terrasse.\" \/>\n<meta property=\"og:url\" content=\"https:\/\/www.soncaliu.com\/de\/standard-doppelzimmer\/\" \/>\n<meta property=\"og:site_name\" content=\"Son Caliu Spa Oasis\" \/>\n<meta property=\"article:published_time\" content=\"2021-09-08T06:23:04+00:00\" \/>\n<meta property=\"article:modified_time\" content=\"2025-02-04T13:02:58+00:00\" \/>\n<meta property=\"og:image\" content=\"https:\/\/www.soncaliu.com\/wp-content\/uploads\/2021\/09\/Son-Caliu-Standard-Room-01-1024x683.jpg\" \/>\n<meta name=\"author\" content=\"Filippo Giordano\" \/>\n<meta name=\"twitter:card\" content=\"summary_large_image\" \/>\n<meta name=\"twitter:label1\" content=\"Verfasst von\" \/>\n\t<meta name=\"twitter:data1\" content=\"Filippo Giordano\" \/>\n\t<meta name=\"twitter:label2\" content=\"Gesch\u00e4tzte Lesezeit\" \/>\n\t<meta name=\"twitter:data2\" content=\"5\u00a0Minuten\" \/>\n<script type=\"application\/ld+json\" class=\"yoast-schema-graph\">{\"@context\":\"https:\/\/schema.org\",\"@graph\":[{\"@type\":\"Article\",\"@id\":\"https:\/\/www.soncaliu.com\/de\/standard-doppelzimmer\/#article\",\"isPartOf\":{\"@id\":\"https:\/\/www.soncaliu.com\/de\/standard-doppelzimmer\/\"},\"author\":{\"name\":\"Filippo Giordano\",\"@id\":\"https:\/\/www.soncaliu.com\/de\/#\/schema\/person\/b5ec329d67c944e58c283f53ae559221\"},\"headline\":\"Standard Doppelzimmer\",\"datePublished\":\"2021-09-08T06:23:04+00:00\",\"dateModified\":\"2025-02-04T13:02:58+00:00\",\"mainEntityOfPage\":{\"@id\":\"https:\/\/www.soncaliu.com\/de\/standard-doppelzimmer\/\"},\"wordCount\":162,\"image\":{\"@id\":\"https:\/\/www.soncaliu.com\/de\/standard-doppelzimmer\/#primaryimage\"},\"thumbnailUrl\":\"https:\/\/www.soncaliu.com\/wp-content\/uploads\/2021\/09\/Son-Caliu-Standard-Room-01-1024x683.jpg\",\"articleSection\":[\"Unkategorisiert\"],\"inLanguage\":\"de\"},{\"@type\":\"WebPage\",\"@id\":\"https:\/\/www.soncaliu.com\/de\/standard-doppelzimmer\/\",\"url\":\"https:\/\/www.soncaliu.com\/de\/standard-doppelzimmer\/\",\"name\":\"Standard Doppelzimmer - Son Caliu Spa Oasis\",\"isPartOf\":{\"@id\":\"https:\/\/www.soncaliu.com\/de\/#website\"},\"primaryImageOfPage\":{\"@id\":\"https:\/\/www.soncaliu.com\/de\/standard-doppelzimmer\/#primaryimage\"},\"image\":{\"@id\":\"https:\/\/www.soncaliu.com\/de\/standard-doppelzimmer\/#primaryimage\"},\"thumbnailUrl\":\"https:\/\/www.soncaliu.com\/wp-content\/uploads\/2021\/09\/Son-Caliu-Standard-Room-01-1024x683.jpg\",\"datePublished\":\"2021-09-08T06:23:04+00:00\",\"dateModified\":\"2025-02-04T13:02:58+00:00\",\"author\":{\"@id\":\"https:\/\/www.soncaliu.com\/de\/#\/schema\/person\/b5ec329d67c944e58c283f53ae559221\"},\"description\":\"Mit einer Gr\u00f6sse von ca. 25 m2, bieten alle Superior einen Zimmer Gartenblick und eine private Terrasse.\",\"breadcrumb\":{\"@id\":\"https:\/\/www.soncaliu.com\/de\/standard-doppelzimmer\/#breadcrumb\"},\"inLanguage\":\"de\",\"potentialAction\":[{\"@type\":\"ReadAction\",\"target\":[\"https:\/\/www.soncaliu.com\/de\/standard-doppelzimmer\/\"]}]},{\"@type\":\"ImageObject\",\"inLanguage\":\"de\",\"@id\":\"https:\/\/www.soncaliu.com\/de\/standard-doppelzimmer\/#primaryimage\",\"url\":\"https:\/\/www.soncaliu.com\/wp-content\/uploads\/2021\/09\/Son-Caliu-Standard-Room-01-1024x683.jpg\",\"contentUrl\":\"https:\/\/www.soncaliu.com\/wp-content\/uploads\/2021\/09\/Son-Caliu-Standard-Room-01-1024x683.jpg\"},{\"@type\":\"BreadcrumbList\",\"@id\":\"https:\/\/www.soncaliu.com\/de\/standard-doppelzimmer\/#breadcrumb\",\"itemListElement\":[{\"@type\":\"ListItem\",\"position\":1,\"name\":\"Startseite\",\"item\":\"https:\/\/www.soncaliu.com\/de\/\"},{\"@type\":\"ListItem\",\"position\":2,\"name\":\"Standard Doppelzimmer\"}]},{\"@type\":\"WebSite\",\"@id\":\"https:\/\/www.soncaliu.com\/de\/#website\",\"url\":\"https:\/\/www.soncaliu.com\/de\/\",\"name\":\"Son Caliu Spa Oasis\",\"description\":\"Just another WordPress site\",\"potentialAction\":[{\"@type\":\"SearchAction\",\"target\":{\"@type\":\"EntryPoint\",\"urlTemplate\":\"https:\/\/www.soncaliu.com\/de\/?s={search_term_string}\"},\"query-input\":{\"@type\":\"PropertyValueSpecification\",\"valueRequired\":true,\"valueName\":\"search_term_string\"}}],\"inLanguage\":\"de\"},{\"@type\":\"Person\",\"@id\":\"https:\/\/www.soncaliu.com\/de\/#\/schema\/person\/b5ec329d67c944e58c283f53ae559221\",\"name\":\"Filippo Giordano\",\"image\":{\"@type\":\"ImageObject\",\"inLanguage\":\"de\",\"@id\":\"https:\/\/www.soncaliu.com\/de\/#\/schema\/person\/image\/\",\"url\":\"https:\/\/secure.gravatar.com\/avatar\/955c369cdda48ab834e22fc6c7356a68f10853e01024454ec443258963bfe9f5?s=96&d=mm&r=g\",\"contentUrl\":\"https:\/\/secure.gravatar.com\/avatar\/955c369cdda48ab834e22fc6c7356a68f10853e01024454ec443258963bfe9f5?s=96&d=mm&r=g\",\"caption\":\"Filippo Giordano\"},\"url\":\"https:\/\/www.soncaliu.com\/de\/author\/filippo\/\"}]}<\/script>\n<!-- \/ Yoast SEO plugin. -->","yoast_head_json":{"title":"Standard Doppelzimmer - Son Caliu Spa Oasis","description":"Mit einer Gr\u00f6sse von ca. 25 m2, bieten alle Superior einen Zimmer Gartenblick und eine private Terrasse.","robots":{"index":"index","follow":"follow","max-snippet":"max-snippet:-1","max-image-preview":"max-image-preview:large","max-video-preview":"max-video-preview:-1"},"canonical":"https:\/\/www.soncaliu.com\/de\/standard-doppelzimmer\/","og_locale":"de_DE","og_type":"article","og_title":"Standard Doppelzimmer - Son Caliu Spa Oasis","og_description":"Mit einer Gr\u00f6sse von ca. 25 m2, bieten alle Superior einen Zimmer Gartenblick und eine private Terrasse.","og_url":"https:\/\/www.soncaliu.com\/de\/standard-doppelzimmer\/","og_site_name":"Son Caliu Spa Oasis","article_published_time":"2021-09-08T06:23:04+00:00","article_modified_time":"2025-02-04T13:02:58+00:00","og_image":[{"url":"https:\/\/www.soncaliu.com\/wp-content\/uploads\/2021\/09\/Son-Caliu-Standard-Room-01-1024x683.jpg","type":"","width":"","height":""}],"author":"Filippo Giordano","twitter_card":"summary_large_image","twitter_misc":{"Verfasst von":"Filippo Giordano","Gesch\u00e4tzte Lesezeit":"5\u00a0Minuten"},"schema":{"@context":"https:\/\/schema.org","@graph":[{"@type":"Article","@id":"https:\/\/www.soncaliu.com\/de\/standard-doppelzimmer\/#article","isPartOf":{"@id":"https:\/\/www.soncaliu.com\/de\/standard-doppelzimmer\/"},"author":{"name":"Filippo Giordano","@id":"https:\/\/www.soncaliu.com\/de\/#\/schema\/person\/b5ec329d67c944e58c283f53ae559221"},"headline":"Standard Doppelzimmer","datePublished":"2021-09-08T06:23:04+00:00","dateModified":"2025-02-04T13:02:58+00:00","mainEntityOfPage":{"@id":"https:\/\/www.soncaliu.com\/de\/standard-doppelzimmer\/"},"wordCount":162,"image":{"@id":"https:\/\/www.soncaliu.com\/de\/standard-doppelzimmer\/#primaryimage"},"thumbnailUrl":"https:\/\/www.soncaliu.com\/wp-content\/uploads\/2021\/09\/Son-Caliu-Standard-Room-01-1024x683.jpg","articleSection":["Unkategorisiert"],"inLanguage":"de"},{"@type":"WebPage","@id":"https:\/\/www.soncaliu.com\/de\/standard-doppelzimmer\/","url":"https:\/\/www.soncaliu.com\/de\/standard-doppelzimmer\/","name":"Standard Doppelzimmer - Son Caliu Spa Oasis","isPartOf":{"@id":"https:\/\/www.soncaliu.com\/de\/#website"},"primaryImageOfPage":{"@id":"https:\/\/www.soncaliu.com\/de\/standard-doppelzimmer\/#primaryimage"},"image":{"@id":"https:\/\/www.soncaliu.com\/de\/standard-doppelzimmer\/#primaryimage"},"thumbnailUrl":"https:\/\/www.soncaliu.com\/wp-content\/uploads\/2021\/09\/Son-Caliu-Standard-Room-01-1024x683.jpg","datePublished":"2021-09-08T06:23:04+00:00","dateModified":"2025-02-04T13:02:58+00:00","author":{"@id":"https:\/\/www.soncaliu.com\/de\/#\/schema\/person\/b5ec329d67c944e58c283f53ae559221"},"description":"Mit einer Gr\u00f6sse von ca. 25 m2, bieten alle Superior einen Zimmer Gartenblick und eine private Terrasse.","breadcrumb":{"@id":"https:\/\/www.soncaliu.com\/de\/standard-doppelzimmer\/#breadcrumb"},"inLanguage":"de","potentialAction":[{"@type":"ReadAction","target":["https:\/\/www.soncaliu.com\/de\/standard-doppelzimmer\/"]}]},{"@type":"ImageObject","inLanguage":"de","@id":"https:\/\/www.soncaliu.com\/de\/standard-doppelzimmer\/#primaryimage","url":"https:\/\/www.soncaliu.com\/wp-content\/uploads\/2021\/09\/Son-Caliu-Standard-Room-01-1024x683.jpg","contentUrl":"https:\/\/www.soncaliu.com\/wp-content\/uploads\/2021\/09\/Son-Caliu-Standard-Room-01-1024x683.jpg"},{"@type":"BreadcrumbList","@id":"https:\/\/www.soncaliu.com\/de\/standard-doppelzimmer\/#breadcrumb","itemListElement":[{"@type":"ListItem","position":1,"name":"Startseite","item":"https:\/\/www.soncaliu.com\/de\/"},{"@type":"ListItem","position":2,"name":"Standard Doppelzimmer"}]},{"@type":"WebSite","@id":"https:\/\/www.soncaliu.com\/de\/#website","url":"https:\/\/www.soncaliu.com\/de\/","name":"Son Caliu Spa Oasis","description":"Just another WordPress site","potentialAction":[{"@type":"SearchAction","target":{"@type":"EntryPoint","urlTemplate":"https:\/\/www.soncaliu.com\/de\/?s={search_term_string}"},"query-input":{"@type":"PropertyValueSpecification","valueRequired":true,"valueName":"search_term_string"}}],"inLanguage":"de"},{"@type":"Person","@id":"https:\/\/www.soncaliu.com\/de\/#\/schema\/person\/b5ec329d67c944e58c283f53ae559221","name":"Filippo Giordano","image":{"@type":"ImageObject","inLanguage":"de","@id":"https:\/\/www.soncaliu.com\/de\/#\/schema\/person\/image\/","url":"https:\/\/secure.gravatar.com\/avatar\/955c369cdda48ab834e22fc6c7356a68f10853e01024454ec443258963bfe9f5?s=96&d=mm&r=g","contentUrl":"https:\/\/secure.gravatar.com\/avatar\/955c369cdda48ab834e22fc6c7356a68f10853e01024454ec443258963bfe9f5?s=96&d=mm&r=g","caption":"Filippo Giordano"},"url":"https:\/\/www.soncaliu.com\/de\/author\/filippo\/"}]}},"_links":{"self":[{"href":"https:\/\/www.soncaliu.com\/de\/wp-json\/wp\/v2\/posts\/3855","targetHints":{"allow":["GET"]}}],"collection":[{"href":"https:\/\/www.soncaliu.com\/de\/wp-json\/wp\/v2\/posts"}],"about":[{"href":"https:\/\/www.soncaliu.com\/de\/wp-json\/wp\/v2\/types\/post"}],"author":[{"embeddable":true,"href":"https:\/\/www.soncaliu.com\/de\/wp-json\/wp\/v2\/users\/4"}],"replies":[{"embeddable":true,"href":"https:\/\/www.soncaliu.com\/de\/wp-json\/wp\/v2\/comments?post=3855"}],"version-history":[{"count":18,"href":"https:\/\/www.soncaliu.com\/de\/wp-json\/wp\/v2\/posts\/3855\/revisions"}],"predecessor-version":[{"id":16989,"href":"https:\/\/www.soncaliu.com\/de\/wp-json\/wp\/v2\/posts\/3855\/revisions\/16989"}],"wp:attachment":[{"href":"https:\/\/www.soncaliu.com\/de\/wp-json\/wp\/v2\/media?parent=3855"}],"wp:term":[{"taxonomy":"category","embeddable":true,"href":"https:\/\/www.soncaliu.com\/de\/wp-json\/wp\/v2\/categories?post=3855"},{"taxonomy":"post_tag","embeddable":true,"href":"https:\/\/www.soncaliu.com\/de\/wp-json\/wp\/v2\/tags?post=3855"}],"curies":[{"name":"wp","href":"https:\/\/api.w.org\/{rel}","templated":true}]}}