{"id":2971,"date":"2021-09-04T04:20:26","date_gmt":"2021-09-04T04:20:26","guid":{"rendered":"https:\/\/new.soncaliu.com\/actividades\/"},"modified":"2024-10-25T09:41:00","modified_gmt":"2024-10-25T09:41:00","slug":"aktivitaten","status":"publish","type":"post","link":"https:\/\/www.soncaliu.com\/de\/aktivitaten\/","title":{"rendered":"Aktivit\u00e4ten"},"content":{"rendered":"\n<section class=\"wp-block-mkl-section-block section-main\"><div class=\"main-slider \" >\n  \n<div class=\"main-slider-item \" >\n  \n\n<figure class=\"wp-block-image size-large\"><img loading=\"lazy\" decoding=\"async\" width=\"1024\" height=\"576\" src=\"https:\/\/soncaliu.com\/wp-content\/uploads\/2021\/09\/Image-5-1024x576.jpg\" alt=\"\" class=\"wp-image-2972\" srcset=\"https:\/\/www.soncaliu.com\/wp-content\/uploads\/2021\/09\/Image-5-1024x576.jpg 1024w, https:\/\/www.soncaliu.com\/wp-content\/uploads\/2021\/09\/Image-5-300x169.jpg 300w, https:\/\/www.soncaliu.com\/wp-content\/uploads\/2021\/09\/Image-5-768x432.jpg 768w, https:\/\/www.soncaliu.com\/wp-content\/uploads\/2021\/09\/Image-5-1536x864.jpg 1536w, https:\/\/www.soncaliu.com\/wp-content\/uploads\/2021\/09\/Image-5.jpg 1920w\" sizes=\"auto, (max-width: 1024px) 100vw, 1024px\" \/><\/figure>\n\n\n<\/div>\n\n<\/div>\n\n\n<section class=\"wp-block-mkl-section-block main-sec\"><div class=\"container  \">\n  \n<div class=\"main-sec-wrap \" >\n  \n<div class=\" \" >\n  \n\n<h2 class=\"wp-block-heading\" id=\"aktivitaten\"><strong>Aktivit\u00e4ten<\/strong><\/h2>\n\n\n<\/div>\n\n<\/div>\n\n<\/div><\/section>\n<\/section>\n\n\n\n<section class=\"wp-block-mkl-section-block section-infoline\"><div class=\"container  \">\n  \n<div class=\"breadcrumbs-wrap \" >\n  \n<div class=\"breadcrumbs-wrap__title \">Sie befinden sich in:<\/div>\n\n\n<ul class=\"wp-block-list\">\n<li><a href=\"https:\/\/soncaliu.com\/fr\/\">Startseite<\/a><\/li>\n\n\n\n<li>Aktivit\u00e4ten<\/li>\n\n\n\n<li><\/li>\n<\/ul>\n\n\n<\/div>\n\n<\/div><\/section>\n\n\n\n<section class=\"wp-block-mkl-section-block section-all pb-0 dc-content\"><div class=\"container  \">\n  \n\n<div class=\"row\">\n<div class=\"pr-lg-5 col-md-6\">\n<h2 class=\"wp-block-heading\" id=\"bleiben-sie-im-urlaub-aktiv\">Bleiben Sie im <em>Urlaub aktiv<\/em><\/h2>\n\n\n\n<p>Landschaft und Wetterbedingungen machen Mallorca zu einem vorz\u00fcglichen Reiseziel f\u00fcr den Genuss unterschiedlichster Aktivit\u00e4ten im Freien.&nbsp;<\/p>\n<\/div>\n\n\n\n<div class=\"pl-lg-5 col-md-6\">\n<p>Ihre erholsame Auszeit im Hotel Son Caliu Spa Oasis bietet genau die richtigen Momente f\u00fcr sportliche Aktivit\u00e4ten. So tun Sie Ihrem K\u00f6rper etwas Gutes und k\u00f6nnen au\u00dferdem noch Natur hautnah erleben. Golf, Radfahren, Tauchen, Stand-Up-Paddling, Tennis, Yoga\u2026 W\u00e4hlen Sie aus einem gro\u00dfartigen Angebot an Outdoor-Aktivit\u00e4ten das aus, was Ihren Urlaub zu einem unvergesslichen Ereignis macht. &nbsp;<\/p>\n<\/div>\n<\/div>\n\n\n<\/div><\/section>\n\n\n\n<section class=\"wp-block-mkl-section-block section-slider section-slider_2\"><div class=\"container  \">\n  \n\n<h3 class=\"wp-block-heading has-text-align-center\" id=\"angebot-an-aktivitaten\">Angebot an Aktivit\u00e4ten <\/h3>\n\n\n\n<h2 class=\"wp-block-heading has-text-align-center\" id=\"freizeitvergnugen-und-sport\">Freizeitvergn\u00fcgen und <em>Sport<\/em><\/h2>\n\n\n<\/div>\n\n<div class=\"container-fluid \" >\n  \n\n<div class=\"row-columns mb-col-15 row\">\n<div class=\"col-6 col-md-4\"><div class=\"swiper-slide \" >\n  \n<div class=\"sl-item text-center \" >\n  \n\n<figure class=\"wp-block-image size-full sl-item__img\"><img loading=\"lazy\" decoding=\"async\" width=\"590\" height=\"800\" src=\"https:\/\/soncaliu.com\/wp-content\/uploads\/2021\/09\/img-1-4.jpg\" alt=\"\" class=\"wp-image-1127\" srcset=\"https:\/\/www.soncaliu.com\/wp-content\/uploads\/2021\/09\/img-1-4.jpg 590w, https:\/\/www.soncaliu.com\/wp-content\/uploads\/2021\/09\/img-1-4-221x300.jpg 221w\" sizes=\"auto, (max-width: 590px) 100vw, 590px\" \/><\/figure>\n\n\n<div class=\"sl-item__content-abs \" >\n  \n\n<h2 class=\"wp-block-heading\" id=\"tennis\">Tennis<\/h2>\n\n\n<div class=\"sl-item__head \">Im Hotel stehen unseren G\u00e4sten Tennisschl\u00e4ger, B\u00e4lle und ein Tennisplatz zur kostenfreien Benutzung zur Verf\u00fcgung. <\/div>\n\n<\/div>\n\n<\/div>\n\n<\/div><\/div>\n\n\n\n<div class=\"col-6 col-md-4\"><div class=\"swiper-slide \" >\n  \n<div class=\"sl-item text-center \" >\n  \n\n<figure class=\"wp-block-image size-full sl-item__img\"><img loading=\"lazy\" decoding=\"async\" width=\"590\" height=\"800\" src=\"https:\/\/soncaliu.com\/wp-content\/uploads\/2021\/09\/img-2-3.jpg\" alt=\"\" class=\"wp-image-1128\" srcset=\"https:\/\/www.soncaliu.com\/wp-content\/uploads\/2021\/09\/img-2-3.jpg 590w, https:\/\/www.soncaliu.com\/wp-content\/uploads\/2021\/09\/img-2-3-221x300.jpg 221w\" sizes=\"auto, (max-width: 590px) 100vw, 590px\" \/><\/figure>\n\n\n<div class=\"sl-item__content-abs \" >\n  \n\n<h2 class=\"wp-block-heading\" id=\"radfahren\">Radfahren<\/h2>\n\n\n<div class=\"sl-item__head \">Son Caliu ist der ideale Ausgangspunkt f\u00fcr zahllose Radtouren. Wir verf\u00fcgen \u00fcber speziell f\u00fcr die Aufbewahrung und Wartung Ihres Fahrrads eingerichtete R\u00e4umlichkeiten. <\/div>\n\n<\/div>\n\n<\/div>\n\n<\/div><\/div>\n\n\n\n<div class=\"col-6 col-md-4\"><div class=\"swiper-slide \" >\n  \n<div class=\"sl-item text-center \" >\n  \n\n<figure class=\"wp-block-image size-full sl-item__img\"><img loading=\"lazy\" decoding=\"async\" width=\"590\" height=\"800\" src=\"https:\/\/soncaliu.com\/wp-content\/uploads\/2021\/09\/img-3-3.jpg\" alt=\"\" class=\"wp-image-1129\" srcset=\"https:\/\/www.soncaliu.com\/wp-content\/uploads\/2021\/09\/img-3-3.jpg 590w, https:\/\/www.soncaliu.com\/wp-content\/uploads\/2021\/09\/img-3-3-221x300.jpg 221w\" sizes=\"auto, (max-width: 590px) 100vw, 590px\" \/><\/figure>\n\n\n<div class=\"sl-item__content-abs \" >\n  \n\n<h2 class=\"wp-block-heading\" id=\"golf\">Golf<\/h2>\n\n\n<div class=\"sl-item__head \">Einige der besten Golfpl\u00e4tze der Insel liegen nur wenige Minuten vom Hotel entfernt und unsere G\u00e4ste kommen in den Genuss von bis zu 20 % Rabatt bei Greenfees und Angebotspaketen. <\/div>\n\n<\/div>\n\n<\/div>\n\n<\/div><\/div>\n\n\n\n<div class=\"col-6 col-md-4\"><div class=\"swiper-slide \" >\n  \n<div class=\"sl-item text-center \" >\n  \n\n<figure class=\"wp-block-image size-full sl-item__img\"><img loading=\"lazy\" decoding=\"async\" width=\"590\" height=\"800\" src=\"https:\/\/soncaliu.com\/wp-content\/uploads\/2021\/09\/img-4-1.jpg\" alt=\"\" class=\"wp-image-1130\" srcset=\"https:\/\/www.soncaliu.com\/wp-content\/uploads\/2021\/09\/img-4-1.jpg 590w, https:\/\/www.soncaliu.com\/wp-content\/uploads\/2021\/09\/img-4-1-221x300.jpg 221w\" sizes=\"auto, (max-width: 590px) 100vw, 590px\" \/><\/figure>\n\n\n<div class=\"sl-item__content-abs \" >\n  \n\n<h2 class=\"wp-block-heading\" id=\"stand-up-paddling\">Stand-Up-Paddling<\/h2>\n\n\n<div class=\"sl-item__head \">Buchen Sie Ihr Board und erleben Sie die Natur der Insel und die  atemberaubende K\u00fcstenlandschaft um unser Hotel herum aus einer v\u00f6llig anderen Perspektive! \nInbegriffen sind SUP-Board, Stechpaddel und Neoprenanzug. F\u00fcr Informationen und Reservierungen kontaktieren Sie bitte Daniel +34 613 043 543.  <\/div>\n\n<\/div>\n\n<\/div>\n\n<\/div><\/div>\n\n\n\n<div class=\"col-6 col-md-4\"><div class=\"swiper-slide \" >\n  \n<div class=\"sl-item text-center \" >\n  \n\n<figure class=\"wp-block-image size-full sl-item__img\"><img loading=\"lazy\" decoding=\"async\" width=\"590\" height=\"800\" src=\"https:\/\/soncaliu.com\/wp-content\/uploads\/2021\/09\/img-5.jpg\" alt=\"\" class=\"wp-image-1131\" srcset=\"https:\/\/www.soncaliu.com\/wp-content\/uploads\/2021\/09\/img-5.jpg 590w, https:\/\/www.soncaliu.com\/wp-content\/uploads\/2021\/09\/img-5-221x300.jpg 221w\" sizes=\"auto, (max-width: 590px) 100vw, 590px\" \/><\/figure>\n\n\n<div class=\"sl-item__content-abs \" >\n  \n\n<h2 class=\"wp-block-heading\" id=\"wandern\">Wandern<\/h2>\n\n\n<div class=\"sl-item__head \">Wir bieten Ihnen die Gelegenheit, viele der herrlichen Gegenden der Insel zu entdecken. Unser Team an der Rezeption ber\u00e4t Sie sehr gern bei allem, was Sie daf\u00fcr brauchen.<\/div>\n\n<\/div>\n\n<\/div>\n\n<\/div><\/div>\n\n\n\n<div class=\"col-6 col-md-4\"><div class=\"swiper-slide \" >\n  \n<div class=\"sl-item text-center \" >\n  \n\n<figure class=\"wp-block-image size-full sl-item__img\"><img loading=\"lazy\" decoding=\"async\" width=\"590\" height=\"800\" src=\"https:\/\/soncaliu.com\/wp-content\/uploads\/2021\/09\/img-6.jpg\" alt=\"\" class=\"wp-image-1132\" srcset=\"https:\/\/www.soncaliu.com\/wp-content\/uploads\/2021\/09\/img-6.jpg 590w, https:\/\/www.soncaliu.com\/wp-content\/uploads\/2021\/09\/img-6-221x300.jpg 221w\" sizes=\"auto, (max-width: 590px) 100vw, 590px\" \/><\/figure>\n\n\n<div class=\"sl-item__content-abs \" >\n  \n\n<h2 class=\"wp-block-heading\" id=\"tauchen\">Tauchen<\/h2>\n\n\n<div class=\"sl-item__head \">Erleben Sie das Gef\u00fchl von Freiheit in der Tiefe des Meeres!  \nWenn Sie der Meeresgrund fasziniert, bereiten Sie sich in unserem Pool bei einem kostenfreien Probetauchen auf Ihr Abenteuer vor!  <\/div>\n\n<\/div>\n\n<\/div>\n\n<\/div><\/div>\n\n\n\n<div class=\"col-6 col-md-4\"><div class=\"swiper-slide \" >\n  \n<div class=\"sl-item text-center \" >\n  \n\n<figure class=\"wp-block-image size-full sl-item__img\"><img loading=\"lazy\" decoding=\"async\" width=\"590\" height=\"800\" src=\"https:\/\/soncaliu.com\/wp-content\/uploads\/2021\/09\/img-7.jpg\" alt=\"\" class=\"wp-image-1133\" srcset=\"https:\/\/www.soncaliu.com\/wp-content\/uploads\/2021\/09\/img-7.jpg 590w, https:\/\/www.soncaliu.com\/wp-content\/uploads\/2021\/09\/img-7-221x300.jpg 221w\" sizes=\"auto, (max-width: 590px) 100vw, 590px\" \/><\/figure>\n\n\n<div class=\"sl-item__content-abs \" >\n  \n\n<h2 class=\"wp-block-heading\" id=\"yoga\">Yoga<\/h2>\n\n\n<div class=\"sl-item__head \">Im Hotel Son Caliu helfen wir Ihnen, Ihr inneres Gleichgewicht von K\u00f6rper und Geist auszubalancieren.   \nIn unserem Spa Oasis bieten wir Ihnen zweimal pro Woche kostenfreie Yogastunden f\u00fcr Ihr Wohlbefinden.  <\/div>\n\n<\/div>\n\n<\/div>\n\n<\/div><\/div>\n\n\n\n<div class=\"col-6 col-md-4\"><div class=\"swiper-slide \" >\n  \n<div class=\"sl-item text-center \" >\n  \n\n<figure class=\"wp-block-image size-full sl-item__img\"><img loading=\"lazy\" decoding=\"async\" width=\"590\" height=\"800\" src=\"https:\/\/soncaliu.com\/wp-content\/uploads\/2021\/09\/img-8.jpg\" alt=\"\" class=\"wp-image-1134\" srcset=\"https:\/\/www.soncaliu.com\/wp-content\/uploads\/2021\/09\/img-8.jpg 590w, https:\/\/www.soncaliu.com\/wp-content\/uploads\/2021\/09\/img-8-221x300.jpg 221w\" sizes=\"auto, (max-width: 590px) 100vw, 590px\" \/><\/figure>\n\n\n<div class=\"sl-item__content-abs \" >\n  \n\n<h2 class=\"wp-block-heading\" id=\"fitness\">Fitness<\/h2>\n\n\n<div class=\"sl-item__head \">Das Fitnessstudio ist bestens mit topmodernen Ger\u00e4ten ausgestattet und bietet neben dem Blick nach drau\u00dfen.<\/div>\n\n<\/div>\n\n<\/div>\n\n<\/div><\/div>\n\n\n<\/div>\n\n\n<\/div><\/section>\n\n\n\n<section class=\"wp-block-mkl-section-block section-contacts\"><div class=\"container text-center \">\n  \n\n<h3 class=\"wp-block-heading has-text-align-center\" id=\"contacto\">Kontakt<\/h3>\n\n\n\n<h2 class=\"wp-block-heading has-text-align-center\" id=\"estamos-a-su-completa-disposicion-para-ayudarle-a-planificar-su-estancia-cuidando-todos-los-detalles\"><mark style=\"background-color:rgba(0, 0, 0, 0);color:#b89b61\" class=\"has-inline-color\">Wir helfen Ihnen gerne bei der Planung Ihres Aufenthalts und k\u00fcmmern uns um jedes Detail.\u00a0<\/mark><\/h2>\n\n\n\n<p class=\"has-text-align-center\">Bitte z\u00f6gern Sie nicht, uns zu kontaktieren, um Ihre Buchung zu bearbeiten oder falls Sie weitere Informationen ben\u00f6tigen.<\/p>\n\n\n<a class=\"dc-btn dc-btn_w2 dc-btn_outline-secondary \" href=\"https:\/\/soncaliu.com\/contacto\/\">Kontaktieren Sie uns<\/a>\n\n<\/div><\/section>\n\n\n\n<section class=\"wp-block-mkl-section-block section-advantages\"><div class=\"section-bg bg__stretched\" style=\"background-image:url(https:\/\/soncaliu.com\/wp-content\/uploads\/2021\/08\/bg-1-1024x401.jpg);opacity:1\"><\/div><div class=\"container  \">\n  \n\n<h3 class=\"wp-block-heading has-text-align-center\" id=\"disfrute-de-las-mejores-ventajas\"><mark style=\"background-color: rgba(0, 0, 0, 0);\" class=\"has-inline-color has-white-color\">Genie\u00dfen Sie die besten Vorteile<\/mark><\/h3>\n\n\n\n<h2 class=\"wp-block-heading has-text-align-center\" id=\"ventajas-exclusivas-al-reservar-en-nuestra-pagina-oficial\"><mark style=\"background-color: rgba(0, 0, 0, 0);\" class=\"has-inline-color has-white-color\">Exklusiven Vorteile bei Reservierungen auf<\/mark> <strong><em><mark style=\"background-color: rgba(0, 0, 0, 0);\" class=\"has-inline-color has-white-color\">unserer Webseite<\/mark><\/em><\/strong><\/h2>\n\n\n\n<div class=\"row-adv row-adv-2 row align-items-center\">\n\n\n<div class=\"col-lg-3 col-md-6\"><div class=\"dc-ics-b \" >\n  \n<div class=\"dc-ics-b__circle \" >\n  \n  <i class=\"icon-ic-money\"><\/i>\n\n<\/div>\n\n<div class=\"dc-ics-b__txt \">Garantierter Bestpreis. Unsere besten Angebote finden Sie auf unserer Webseite<\/div>\n\n<\/div><\/div>\n\n\n\n<div class=\"col-lg-3 col-md-6\"><div class=\"dc-ics-b \" >\n  \n<div class=\"dc-ics-b__circle \" >\n  \n\n<svg width=\"72px\" height=\"72px\" viewbox=\"0 0 72 72\" version=\"1.1\" xmlns=\"http:\/\/www.w3.org\/2000\/svg\" xmlns:xlink=\"http:\/\/www.w3.org\/1999\/xlink\">\r\n    <g id=\"Symbols\" stroke=\"none\" stroke-width=\"1\" fill=\"none\" fill-rule=\"evenodd\">\r\n        <g id=\"6-Ventajas\" transform=\"translate(-467.000000, -385.000000)\">\r\n            <g id=\"Group-7\" transform=\"translate(48.000000, 384.000000)\">\r\n                <g id=\"Group-9-Copy\" transform=\"translate(305.000000, 2.000000)\">\r\n                    <g id=\"Group-4\" transform=\"translate(115.000000, 0.000000)\">\r\n                        <path d=\"M35.00089,23.0967205 C35.4761575,24.0383385 44.0000002,31.4474391 44.0000002,37.3284575 C44.0000002,41.7387095 41.0330493,46.9513839 35.00089,47.0005117 C28.9687307,46.9513839 26.0039159,41.7387095 25.9996422,37.3284575 C25.9953717,31.4474391 34.5213505,24.0383385 35.00089,23.0967205 Z M34.998754,26.2378353 C32.7003817,28.6768306 28.1335415,33.6817348 28.1356768,37.327434 C28.1378136,40.2536142 30.0111152,44.9125762 35.0179783,44.9535161 C39.9949369,44.9125762 41.8639665,40.2556612 41.8639665,37.3284575 C41.8639665,33.6817348 37.2949903,28.6747836 34.998754,26.2378353 Z M29.6099076,36.5185637 C29.8840314,36.5185637 30.1059411,36.7089343 30.1059411,36.9463858 C30.1083145,38.9739349 31.4160392,42.0055354 35.0057554,42.0444283 C35.2810659,42.0464753 35.4994156,42.2409399 35.4970614,42.4773679 C35.4946688,42.7117489 35.2727591,42.9000725 35.0010087,42.9000725 C30.6850425,42.8550386 29.1162475,39.3147597 29.1138741,36.9463858 C29.1138741,36.7099578 29.3369705,36.5185637 29.6099076,36.5185637 Z\" id=\"Combined-Shape\" fill=\"#FFFFFF\"><\/path>\r\n                    <\/g>\r\n                <\/g>\r\n            <\/g>\r\n        <\/g>\r\n    <\/g>\r\n<\/svg>\n\n\n<\/div>\n\n<div class=\"dc-ics-b__txt \">Freier Zugang zur Spa Oasis<\/div>\n\n<\/div><\/div>\n\n\n\n<div class=\"col-lg-3 col-md-6\"><div class=\"dc-ics-b \" >\n  \n<div class=\"dc-ics-b__circle \" >\n  \n  <i class=\"icon-ic-cocktail\"><\/i>\n\n<\/div>\n\n<div class=\"dc-ics-b__txt \">Willkommensgruss<\/div>\n\n<\/div><\/div>\n\n\n\n\n\n<div class=\"col-lg-3 col-md-6\"><div class=\"dc-ics-b \" >\n  \n<div class=\"dc-ics-b__circle \" >\n  \n  <i class=\"icon-ic-wifi\"><\/i>\n\n<\/div>\n\n<div class=\"dc-ics-b__txt \">WLAN kostenfrei<\/div>\n\n<\/div><\/div>\n<\/div>\n\n\n<div class=\"text-center link-flash \" >\n  \n\n<h4 class=\"wp-block-heading has-text-align-center js-linkBook\" id=\"reservar-ahora-al-mejor-precio\"><a href=\"#\">Jetzt zum&nbsp;<em>besten Preis buchen<\/em><\/a><\/h4>\n\n\n<\/div>\n\n<\/div><\/section>\n","protected":false},"excerpt":{"rendered":"","protected":false},"author":4,"featured_media":0,"comment_status":"closed","ping_status":"closed","sticky":false,"template":"","format":"standard","meta":{"footnotes":""},"categories":[39],"tags":[],"class_list":["post-2971","post","type-post","status-publish","format-standard","hentry","category-unkategorisiert"],"yoast_head":"<!-- This site is optimized with the Yoast SEO plugin v27.1.1 - https:\/\/yoast.com\/product\/yoast-seo-wordpress\/ -->\n<title>Aktivit\u00e4ten - Son Caliu Spa Oasis<\/title>\n<meta name=\"description\" content=\"Landschaft und Wetterbedingungen machen Mallorca zu einem vorz\u00fcglichen Reiseziel f\u00fcr den Genuss unterschiedlichster Aktivit\u00e4ten im Freien.\" \/>\n<meta name=\"robots\" content=\"index, follow, max-snippet:-1, max-image-preview:large, max-video-preview:-1\" \/>\n<link rel=\"canonical\" href=\"https:\/\/www.soncaliu.com\/de\/aktivitaten\/\" \/>\n<meta property=\"og:locale\" content=\"de_DE\" \/>\n<meta property=\"og:type\" content=\"article\" \/>\n<meta property=\"og:title\" content=\"Aktivit\u00e4ten - Son Caliu Spa Oasis\" \/>\n<meta property=\"og:description\" content=\"Landschaft und Wetterbedingungen machen Mallorca zu einem vorz\u00fcglichen Reiseziel f\u00fcr den Genuss unterschiedlichster Aktivit\u00e4ten im Freien.\" \/>\n<meta property=\"og:url\" content=\"https:\/\/www.soncaliu.com\/de\/aktivitaten\/\" \/>\n<meta property=\"og:site_name\" content=\"Son Caliu Spa Oasis\" \/>\n<meta property=\"article:published_time\" content=\"2021-09-04T04:20:26+00:00\" \/>\n<meta property=\"article:modified_time\" content=\"2024-10-25T09:41:00+00:00\" \/>\n<meta property=\"og:image\" content=\"https:\/\/soncaliu.com\/wp-content\/uploads\/2021\/09\/Image-5-1024x576.jpg\" \/>\n<meta name=\"author\" content=\"Filippo Giordano\" \/>\n<meta name=\"twitter:card\" content=\"summary_large_image\" \/>\n<meta name=\"twitter:label1\" content=\"Verfasst von\" \/>\n\t<meta name=\"twitter:data1\" content=\"Filippo Giordano\" \/>\n\t<meta name=\"twitter:label2\" content=\"Gesch\u00e4tzte Lesezeit\" \/>\n\t<meta name=\"twitter:data2\" content=\"3\u00a0Minuten\" \/>\n<script type=\"application\/ld+json\" class=\"yoast-schema-graph\">{\"@context\":\"https:\/\/schema.org\",\"@graph\":[{\"@type\":\"Article\",\"@id\":\"https:\/\/www.soncaliu.com\/de\/aktivitaten\/#article\",\"isPartOf\":{\"@id\":\"https:\/\/www.soncaliu.com\/de\/aktivitaten\/\"},\"author\":{\"name\":\"Filippo Giordano\",\"@id\":\"https:\/\/www.soncaliu.com\/de\/#\/schema\/person\/b5ec329d67c944e58c283f53ae559221\"},\"headline\":\"Aktivit\u00e4ten\",\"datePublished\":\"2021-09-04T04:20:26+00:00\",\"dateModified\":\"2024-10-25T09:41:00+00:00\",\"mainEntityOfPage\":{\"@id\":\"https:\/\/www.soncaliu.com\/de\/aktivitaten\/\"},\"wordCount\":113,\"image\":{\"@id\":\"https:\/\/www.soncaliu.com\/de\/aktivitaten\/#primaryimage\"},\"thumbnailUrl\":\"https:\/\/soncaliu.com\/wp-content\/uploads\/2021\/09\/Image-5-1024x576.jpg\",\"articleSection\":[\"Unkategorisiert\"],\"inLanguage\":\"de\"},{\"@type\":\"WebPage\",\"@id\":\"https:\/\/www.soncaliu.com\/de\/aktivitaten\/\",\"url\":\"https:\/\/www.soncaliu.com\/de\/aktivitaten\/\",\"name\":\"Aktivit\u00e4ten - Son Caliu Spa Oasis\",\"isPartOf\":{\"@id\":\"https:\/\/www.soncaliu.com\/de\/#website\"},\"primaryImageOfPage\":{\"@id\":\"https:\/\/www.soncaliu.com\/de\/aktivitaten\/#primaryimage\"},\"image\":{\"@id\":\"https:\/\/www.soncaliu.com\/de\/aktivitaten\/#primaryimage\"},\"thumbnailUrl\":\"https:\/\/soncaliu.com\/wp-content\/uploads\/2021\/09\/Image-5-1024x576.jpg\",\"datePublished\":\"2021-09-04T04:20:26+00:00\",\"dateModified\":\"2024-10-25T09:41:00+00:00\",\"author\":{\"@id\":\"https:\/\/www.soncaliu.com\/de\/#\/schema\/person\/b5ec329d67c944e58c283f53ae559221\"},\"description\":\"Landschaft und Wetterbedingungen machen Mallorca zu einem vorz\u00fcglichen Reiseziel f\u00fcr den Genuss unterschiedlichster Aktivit\u00e4ten im Freien.\",\"breadcrumb\":{\"@id\":\"https:\/\/www.soncaliu.com\/de\/aktivitaten\/#breadcrumb\"},\"inLanguage\":\"de\",\"potentialAction\":[{\"@type\":\"ReadAction\",\"target\":[\"https:\/\/www.soncaliu.com\/de\/aktivitaten\/\"]}]},{\"@type\":\"ImageObject\",\"inLanguage\":\"de\",\"@id\":\"https:\/\/www.soncaliu.com\/de\/aktivitaten\/#primaryimage\",\"url\":\"https:\/\/soncaliu.com\/wp-content\/uploads\/2021\/09\/Image-5-1024x576.jpg\",\"contentUrl\":\"https:\/\/soncaliu.com\/wp-content\/uploads\/2021\/09\/Image-5-1024x576.jpg\"},{\"@type\":\"BreadcrumbList\",\"@id\":\"https:\/\/www.soncaliu.com\/de\/aktivitaten\/#breadcrumb\",\"itemListElement\":[{\"@type\":\"ListItem\",\"position\":1,\"name\":\"Startseite\",\"item\":\"https:\/\/www.soncaliu.com\/de\/\"},{\"@type\":\"ListItem\",\"position\":2,\"name\":\"Aktivit\u00e4ten\"}]},{\"@type\":\"WebSite\",\"@id\":\"https:\/\/www.soncaliu.com\/de\/#website\",\"url\":\"https:\/\/www.soncaliu.com\/de\/\",\"name\":\"Son Caliu Spa Oasis\",\"description\":\"Just another WordPress site\",\"potentialAction\":[{\"@type\":\"SearchAction\",\"target\":{\"@type\":\"EntryPoint\",\"urlTemplate\":\"https:\/\/www.soncaliu.com\/de\/?s={search_term_string}\"},\"query-input\":{\"@type\":\"PropertyValueSpecification\",\"valueRequired\":true,\"valueName\":\"search_term_string\"}}],\"inLanguage\":\"de\"},{\"@type\":\"Person\",\"@id\":\"https:\/\/www.soncaliu.com\/de\/#\/schema\/person\/b5ec329d67c944e58c283f53ae559221\",\"name\":\"Filippo Giordano\",\"image\":{\"@type\":\"ImageObject\",\"inLanguage\":\"de\",\"@id\":\"https:\/\/www.soncaliu.com\/de\/#\/schema\/person\/image\/\",\"url\":\"https:\/\/secure.gravatar.com\/avatar\/955c369cdda48ab834e22fc6c7356a68f10853e01024454ec443258963bfe9f5?s=96&d=mm&r=g\",\"contentUrl\":\"https:\/\/secure.gravatar.com\/avatar\/955c369cdda48ab834e22fc6c7356a68f10853e01024454ec443258963bfe9f5?s=96&d=mm&r=g\",\"caption\":\"Filippo Giordano\"},\"url\":\"https:\/\/www.soncaliu.com\/de\/author\/filippo\/\"}]}<\/script>\n<!-- \/ Yoast SEO plugin. -->","yoast_head_json":{"title":"Aktivit\u00e4ten - Son Caliu Spa Oasis","description":"Landschaft und Wetterbedingungen machen Mallorca zu einem vorz\u00fcglichen Reiseziel f\u00fcr den Genuss unterschiedlichster Aktivit\u00e4ten im Freien.","robots":{"index":"index","follow":"follow","max-snippet":"max-snippet:-1","max-image-preview":"max-image-preview:large","max-video-preview":"max-video-preview:-1"},"canonical":"https:\/\/www.soncaliu.com\/de\/aktivitaten\/","og_locale":"de_DE","og_type":"article","og_title":"Aktivit\u00e4ten - Son Caliu Spa Oasis","og_description":"Landschaft und Wetterbedingungen machen Mallorca zu einem vorz\u00fcglichen Reiseziel f\u00fcr den Genuss unterschiedlichster Aktivit\u00e4ten im Freien.","og_url":"https:\/\/www.soncaliu.com\/de\/aktivitaten\/","og_site_name":"Son Caliu Spa Oasis","article_published_time":"2021-09-04T04:20:26+00:00","article_modified_time":"2024-10-25T09:41:00+00:00","og_image":[{"url":"https:\/\/soncaliu.com\/wp-content\/uploads\/2021\/09\/Image-5-1024x576.jpg","type":"","width":"","height":""}],"author":"Filippo Giordano","twitter_card":"summary_large_image","twitter_misc":{"Verfasst von":"Filippo Giordano","Gesch\u00e4tzte Lesezeit":"3\u00a0Minuten"},"schema":{"@context":"https:\/\/schema.org","@graph":[{"@type":"Article","@id":"https:\/\/www.soncaliu.com\/de\/aktivitaten\/#article","isPartOf":{"@id":"https:\/\/www.soncaliu.com\/de\/aktivitaten\/"},"author":{"name":"Filippo Giordano","@id":"https:\/\/www.soncaliu.com\/de\/#\/schema\/person\/b5ec329d67c944e58c283f53ae559221"},"headline":"Aktivit\u00e4ten","datePublished":"2021-09-04T04:20:26+00:00","dateModified":"2024-10-25T09:41:00+00:00","mainEntityOfPage":{"@id":"https:\/\/www.soncaliu.com\/de\/aktivitaten\/"},"wordCount":113,"image":{"@id":"https:\/\/www.soncaliu.com\/de\/aktivitaten\/#primaryimage"},"thumbnailUrl":"https:\/\/soncaliu.com\/wp-content\/uploads\/2021\/09\/Image-5-1024x576.jpg","articleSection":["Unkategorisiert"],"inLanguage":"de"},{"@type":"WebPage","@id":"https:\/\/www.soncaliu.com\/de\/aktivitaten\/","url":"https:\/\/www.soncaliu.com\/de\/aktivitaten\/","name":"Aktivit\u00e4ten - Son Caliu Spa Oasis","isPartOf":{"@id":"https:\/\/www.soncaliu.com\/de\/#website"},"primaryImageOfPage":{"@id":"https:\/\/www.soncaliu.com\/de\/aktivitaten\/#primaryimage"},"image":{"@id":"https:\/\/www.soncaliu.com\/de\/aktivitaten\/#primaryimage"},"thumbnailUrl":"https:\/\/soncaliu.com\/wp-content\/uploads\/2021\/09\/Image-5-1024x576.jpg","datePublished":"2021-09-04T04:20:26+00:00","dateModified":"2024-10-25T09:41:00+00:00","author":{"@id":"https:\/\/www.soncaliu.com\/de\/#\/schema\/person\/b5ec329d67c944e58c283f53ae559221"},"description":"Landschaft und Wetterbedingungen machen Mallorca zu einem vorz\u00fcglichen Reiseziel f\u00fcr den Genuss unterschiedlichster Aktivit\u00e4ten im Freien.","breadcrumb":{"@id":"https:\/\/www.soncaliu.com\/de\/aktivitaten\/#breadcrumb"},"inLanguage":"de","potentialAction":[{"@type":"ReadAction","target":["https:\/\/www.soncaliu.com\/de\/aktivitaten\/"]}]},{"@type":"ImageObject","inLanguage":"de","@id":"https:\/\/www.soncaliu.com\/de\/aktivitaten\/#primaryimage","url":"https:\/\/soncaliu.com\/wp-content\/uploads\/2021\/09\/Image-5-1024x576.jpg","contentUrl":"https:\/\/soncaliu.com\/wp-content\/uploads\/2021\/09\/Image-5-1024x576.jpg"},{"@type":"BreadcrumbList","@id":"https:\/\/www.soncaliu.com\/de\/aktivitaten\/#breadcrumb","itemListElement":[{"@type":"ListItem","position":1,"name":"Startseite","item":"https:\/\/www.soncaliu.com\/de\/"},{"@type":"ListItem","position":2,"name":"Aktivit\u00e4ten"}]},{"@type":"WebSite","@id":"https:\/\/www.soncaliu.com\/de\/#website","url":"https:\/\/www.soncaliu.com\/de\/","name":"Son Caliu Spa Oasis","description":"Just another WordPress site","potentialAction":[{"@type":"SearchAction","target":{"@type":"EntryPoint","urlTemplate":"https:\/\/www.soncaliu.com\/de\/?s={search_term_string}"},"query-input":{"@type":"PropertyValueSpecification","valueRequired":true,"valueName":"search_term_string"}}],"inLanguage":"de"},{"@type":"Person","@id":"https:\/\/www.soncaliu.com\/de\/#\/schema\/person\/b5ec329d67c944e58c283f53ae559221","name":"Filippo Giordano","image":{"@type":"ImageObject","inLanguage":"de","@id":"https:\/\/www.soncaliu.com\/de\/#\/schema\/person\/image\/","url":"https:\/\/secure.gravatar.com\/avatar\/955c369cdda48ab834e22fc6c7356a68f10853e01024454ec443258963bfe9f5?s=96&d=mm&r=g","contentUrl":"https:\/\/secure.gravatar.com\/avatar\/955c369cdda48ab834e22fc6c7356a68f10853e01024454ec443258963bfe9f5?s=96&d=mm&r=g","caption":"Filippo Giordano"},"url":"https:\/\/www.soncaliu.com\/de\/author\/filippo\/"}]}},"_links":{"self":[{"href":"https:\/\/www.soncaliu.com\/de\/wp-json\/wp\/v2\/posts\/2971","targetHints":{"allow":["GET"]}}],"collection":[{"href":"https:\/\/www.soncaliu.com\/de\/wp-json\/wp\/v2\/posts"}],"about":[{"href":"https:\/\/www.soncaliu.com\/de\/wp-json\/wp\/v2\/types\/post"}],"author":[{"embeddable":true,"href":"https:\/\/www.soncaliu.com\/de\/wp-json\/wp\/v2\/users\/4"}],"replies":[{"embeddable":true,"href":"https:\/\/www.soncaliu.com\/de\/wp-json\/wp\/v2\/comments?post=2971"}],"version-history":[{"count":7,"href":"https:\/\/www.soncaliu.com\/de\/wp-json\/wp\/v2\/posts\/2971\/revisions"}],"predecessor-version":[{"id":16813,"href":"https:\/\/www.soncaliu.com\/de\/wp-json\/wp\/v2\/posts\/2971\/revisions\/16813"}],"wp:attachment":[{"href":"https:\/\/www.soncaliu.com\/de\/wp-json\/wp\/v2\/media?parent=2971"}],"wp:term":[{"taxonomy":"category","embeddable":true,"href":"https:\/\/www.soncaliu.com\/de\/wp-json\/wp\/v2\/categories?post=2971"},{"taxonomy":"post_tag","embeddable":true,"href":"https:\/\/www.soncaliu.com\/de\/wp-json\/wp\/v2\/tags?post=2971"}],"curies":[{"name":"wp","href":"https:\/\/api.w.org\/{rel}","templated":true}]}}